{"id":1020,"date":"2026-01-24T21:46:11","date_gmt":"2026-01-24T20:46:11","guid":{"rendered":"https:\/\/www.oblatcongo.org\/?p=1020"},"modified":"2026-01-24T21:46:14","modified_gmt":"2026-01-24T20:46:14","slug":"songololo-formation-de-catechistes","status":"publish","type":"post","link":"https:\/\/www.oblatcongo.org\/index.php\/2026\/01\/24\/songololo-formation-de-catechistes\/","title":{"rendered":"Songololo : formation de cat\u00e9chistes"},"content":{"rendered":"\n<p class=\"has-medium-font-size\">Du 15 au 18 janvier 2026, la paroisse Saint Joseph de Songololo, dans le dioc\u00e8se de Matadi (RDC), a organis\u00e9 une importante session de formation \u00e0 l\u2019intention de ses cat\u00e9chistes. L\u2019\u00e9v\u00e9nement, ouvert lors de la pri\u00e8re des v\u00eapres par le P\u00e8re Berthier EYER, OMI, cur\u00e9 de la paroisse, et par M. Mampuya, premier vice-pr\u00e9sident du Conseil paroissial, s\u2019inscrit dans la dynamique de renforcement pastoral voulue par l\u2019\u00c9glise locale.<\/p>\n\n\n\n<p class=\"has-medium-font-size\">La formation s\u2019est tenue simultan\u00e9ment dans deux centres : Songololo et Mbanza-Matadi, situ\u00e9 \u00e0 environ 85 km de la mission, afin de permettre une large participation des cat\u00e9chistes issus des diff\u00e9rentes zones pastorales.<\/p>\n\n\n\n<p class=\"has-medium-font-size\">Le c\u0153ur de la session reposait sur la restitution des enseignements re\u00e7us en septembre 2025 au Centre pastoral de Tumba, lors d\u2019une formation dioc\u00e9saine anim\u00e9e par les abb\u00e9s charg\u00e9s de l\u2019encadrement des cat\u00e9chistes. Deux cat\u00e9chistes de la paroisse, ayant pris part \u00e0 cette session, ont partag\u00e9 un condens\u00e9 doctrinal et liturgique enrichi d\u2019\u00e9clairages pastoraux adapt\u00e9s aux r\u00e9alit\u00e9s locales.<\/p>\n\n\n\n<p class=\"has-medium-font-size\">\u00c0 ces enseignements se sont ajout\u00e9s deux modules majeurs :<\/p>\n\n\n\n<p class=\"has-medium-font-size\">&#8211; la n\u00e9cessit\u00e9 et la m\u00e9thodologie de la r\u00e9daction des rapports d\u2019activit\u00e9s du cat\u00e9chiste,<\/p>\n\n\n\n<p class=\"has-medium-font-size\">&#8211; et la pr\u00e9sentation des nouvelles directives liturgiques dioc\u00e9saines, promulgu\u00e9es en ao\u00fbt 2025 par Monseigneur Andr\u00e9-Giraud PINDI, \u00e9v\u00eaque de Matadi.<\/p>\n\n\n\n<p class=\"has-medium-font-size\">Plusieurs acteurs pastoraux ont contribu\u00e9 \u00e0 l\u2019animation de la session : le repr\u00e9sentant paroissial de la liturgie, le pr\u00e9sident de la Commission Justice et Paix, le coordonnateur du Groupe KA et encadreur liturgique de l\u2019\u00c9cole primaire Kisinsu, ainsi que le premier vice-pr\u00e9sident du Conseil paroissial.<\/p>\n\n\n\n<p class=\"has-medium-font-size\">La session a r\u00e9uni 37 cat\u00e9chistes provenant de quatre zones pastorales (deux par centre). La paroisse comptant cinq zones, une autre session est pr\u00e9vue afin d\u2019int\u00e9grer les cat\u00e9chistes de la zone restante.<\/p>\n\n\n\n<p class=\"has-medium-font-size\">Les journ\u00e9es de formation ont \u00e9t\u00e9 rythm\u00e9es par des temps forts spirituels \u2014 pri\u00e8res matinales et vesp\u00e9rales, adoration du Tr\u00e8s Saint Sacrement, c\u00e9l\u00e9bration eucharistique \u2014 ainsi que par des moments de d\u00e9tente et de fraternit\u00e9, notamment autour de la projection de films, dont celui consacr\u00e9 \u00e0 saint Jean-Paul II. Des exercices pratiques ont \u00e9galement permis aux participants de s\u2019exercer \u00e0 la pr\u00e9sidence de la grande pri\u00e8re dominicale et \u00e0 l\u2019accompagnement liturgique des fun\u00e9railles.<\/p>\n\n\n\n<p class=\"has-medium-font-size\">Le volet doctrinal a abord\u00e9 en priorit\u00e9 la m\u00e9thodologie de l\u2019enseignement cat\u00e9ch\u00e9tique, en distinguant clairement le cat\u00e9chisme, la cat\u00e9ch\u00e8se et l\u2019\u00e9vang\u00e9lisation, tout en pr\u00e9cisant le r\u00f4le, les qualit\u00e9s et les responsabilit\u00e9s du cat\u00e9chiste. La structure d\u2019une s\u00e9ance de cat\u00e9ch\u00e8se \u2014 pr\u00e9paration, \u00e9tapes, m\u00e9thodes \u2014 a \u00e9t\u00e9 d\u00e9taill\u00e9e et illustr\u00e9e par des d\u00e9monstrations concr\u00e8tes.<\/p>\n\n\n\n<p class=\"has-medium-font-size\">Un autre th\u00e8me important a port\u00e9 sur les sectes et mouvements religieux, dans une perspective \u00e0 la fois apolog\u00e9tique et pastorale. Les cat\u00e9chistes ont \u00e9t\u00e9 form\u00e9s \u00e0 pr\u00e9server la foi des chr\u00e9tiens catholiques par un enseignement solide, tout en adoptant une attitude d\u2019accueil et de discernement envers ceux qui reviennent \u00e0 l\u2019\u00c9glise. L\u2019approche \u00ab Voir \u2013 Juger \u2013 Agir \u00bb a \u00e9t\u00e9 mise en avant comme cadre d\u2019analyse favorisant le respect, le dialogue et le bien-vivre ensemble.<\/p>\n\n\n\n<p class=\"has-medium-font-size\">Le condens\u00e9 liturgique a permis de revisiter l\u2019ann\u00e9e pastorale et le cycle liturgique, en mettant en lumi\u00e8re la spiritualit\u00e9 propre \u00e0 chaque temps, ses couleurs, ses rites d\u2019ouverture et de cl\u00f4ture, ainsi que les grandes f\u00eates du calendrier catholique. Les objets liturgiques ont \u00e9galement \u00e9t\u00e9 pr\u00e9sent\u00e9s avec leur signification symbolique et spirituelle.<\/p>\n\n\n\n<p class=\"has-medium-font-size\">Face au constat d\u2019un manque d\u2019informations sur les activit\u00e9s men\u00e9es sur le terrain, un module sp\u00e9cifique a \u00e9t\u00e9 consacr\u00e9 \u00e0 la r\u00e9daction des rapports d\u2019activit\u00e9s des cat\u00e9chistes de village. Il a \u00e9t\u00e9 rappel\u00e9 avec force que le cat\u00e9chiste agit en mission re\u00e7ue de l\u2019\u00c9glise et qu\u2019il est donc tenu de rendre compte, par \u00e9crit, de son apostolat.<\/p>\n\n\n\n<p class=\"has-medium-font-size\">Une fiche-mod\u00e8le a \u00e9t\u00e9 pr\u00e9sent\u00e9e aux participants. Le rapport devra notamment mentionner :<\/p>\n\n\n\n<p class=\"has-medium-font-size\">&#8211; la date et le lieu de l\u2019activit\u00e9,<\/p>\n\n\n\n<p class=\"has-medium-font-size\">&#8211; la nature de l\u2019action liturgique ou paraliturgique,<\/p>\n\n\n\n<p class=\"has-medium-font-size\">&#8211; l\u2019effectif des participants par cat\u00e9gories d\u2019\u00e2ge,<\/p>\n\n\n\n<p class=\"has-medium-font-size\">&#8211; les points positifs, les difficult\u00e9s rencontr\u00e9es, les suggestions,<\/p>\n\n\n\n<p class=\"has-medium-font-size\">&#8211; un aper\u00e7u de la vie familiale et communautaire.<\/p>\n\n\n\n<p class=\"has-medium-font-size\">Ces rapports, hebdomadaires ou mensuels, devront \u00eatre dat\u00e9s, sign\u00e9s et transmis, avec copie au cur\u00e9 de la paroisse. Une attention particuli\u00e8re a \u00e9t\u00e9 port\u00e9e \u00e0 la conservation des archives, m\u00e9moire vivante du travail pastoral pour les g\u00e9n\u00e9rations futures.<\/p>\n\n\n\n<p class=\"has-medium-font-size\">Enfin, le module consacr\u00e9 aux directives liturgiques dioc\u00e9saines s\u2019est voulu r\u00e9solument pratique. Apr\u00e8s leur pr\u00e9sentation d\u00e9taill\u00e9e, le repr\u00e9sentant paroissial de la liturgie en a montr\u00e9 l\u2019application concr\u00e8te lors d\u2019une simulation de la grande pri\u00e8re dominicale. Les cat\u00e9chistes ont \u00e9t\u00e9 invit\u00e9s \u00e0 veiller \u00e0 l\u2019observance de la discipline eccl\u00e9siale, notamment en ce qui concerne le choix et la dur\u00e9e des chants, la coordination avec les chorales et le respect du rythme liturgique.<\/p>\n\n\n\n<p class=\"has-medium-font-size\">La session s\u2019est achev\u00e9e le dimanche 18 janvier 2026 par la c\u00e9l\u00e9bration de la Parole \u00e0 Mbanza-Matadi et par c\u00e9l\u00e9bration eucharistique \u00e0 Songololo. \u00c0 cette occasion, l\u2019un des cat\u00e9chistes a exprim\u00e9, au nom de tous, sa gratitude \u00e0 la paroisse pour la qualit\u00e9 de l\u2019organisation et a formul\u00e9 le v\u0153u que de telles initiatives se poursuivent, au service d\u2019une \u00c9glise toujours mieux form\u00e9e et plus missionnaire.<\/p>\n\n\n\n<p class=\"has-text-align-right has-medium-font-size\">Berthier EYER, OMI<\/p>\n","protected":false},"excerpt":{"rendered":"<div class=\"mh-excerpt\"><p>Du 15 au 18 janvier 2026, la paroisse Saint Joseph de Songololo, dans le dioc\u00e8se de Matadi (RDC), a organis\u00e9 une importante session de formation \u00e0 l\u2019intention de ses cat\u00e9chistes. L\u2019\u00e9v\u00e9nement, ouvert lors de la <a class=\"mh-excerpt-more\" href=\"https:\/\/www.oblatcongo.org\/index.php\/2026\/01\/24\/songololo-formation-de-catechistes\/\" title=\"Songololo : formation de cat\u00e9chistes\">[Lire plus]<\/a><\/p>\n<\/div>","protected":false},"author":1,"featured_media":1021,"comment_status":"open","ping_status":"open","sticky":false,"template":"","format":"standard","meta":{"jetpack_post_was_ever_published":false,"_jetpack_newsletter_access":"","_jetpack_dont_email_post_to_subs":false,"_jetpack_newsletter_tier_id":0,"_jetpack_memberships_contains_paywalled_content":false,"_jetpack_memberships_contains_paid_content":false,"footnotes":""},"categories":[1],"tags":[],"class_list":{"0":"post-1020","1":"post","2":"type-post","3":"status-publish","4":"format-standard","5":"has-post-thumbnail","7":"category-non-classe"},"jetpack_featured_media_url":"https:\/\/www.oblatcongo.org\/wp-content\/uploads\/2026\/01\/Catechistes-Songololo.jpeg","jetpack_sharing_enabled":true,"_links":{"self":[{"href":"https:\/\/www.oblatcongo.org\/index.php\/wp-json\/wp\/v2\/posts\/1020","targetHints":{"allow":["GET"]}}],"collection":[{"href":"https:\/\/www.oblatcongo.org\/index.php\/wp-json\/wp\/v2\/posts"}],"about":[{"href":"https:\/\/www.oblatcongo.org\/index.php\/wp-json\/wp\/v2\/types\/post"}],"author":[{"embeddable":true,"href":"https:\/\/www.oblatcongo.org\/index.php\/wp-json\/wp\/v2\/users\/1"}],"replies":[{"embeddable":true,"href":"https:\/\/www.oblatcongo.org\/index.php\/wp-json\/wp\/v2\/comments?post=1020"}],"version-history":[{"count":1,"href":"https:\/\/www.oblatcongo.org\/index.php\/wp-json\/wp\/v2\/posts\/1020\/revisions"}],"predecessor-version":[{"id":1022,"href":"https:\/\/www.oblatcongo.org\/index.php\/wp-json\/wp\/v2\/posts\/1020\/revisions\/1022"}],"wp:featuredmedia":[{"embeddable":true,"href":"https:\/\/www.oblatcongo.org\/index.php\/wp-json\/wp\/v2\/media\/1021"}],"wp:attachment":[{"href":"https:\/\/www.oblatcongo.org\/index.php\/wp-json\/wp\/v2\/media?parent=1020"}],"wp:term":[{"taxonomy":"category","embeddable":true,"href":"https:\/\/www.oblatcongo.org\/index.php\/wp-json\/wp\/v2\/categories?post=1020"},{"taxonomy":"post_tag","embeddable":true,"href":"https:\/\/www.oblatcongo.org\/index.php\/wp-json\/wp\/v2\/tags?post=1020"}],"curies":[{"name":"wp","href":"https:\/\/api.w.org\/{rel}","templated":true}]}}