{"id":1026,"date":"2026-01-26T22:41:56","date_gmt":"2026-01-26T21:41:56","guid":{"rendered":"https:\/\/www.oblatcongo.org\/?p=1026"},"modified":"2026-01-27T00:39:00","modified_gmt":"2026-01-26T23:39:00","slug":"le-superieur-provincial-a-rencontre-danciens-eleves-des-oblats","status":"publish","type":"post","link":"https:\/\/www.oblatcongo.org\/index.php\/2026\/01\/26\/le-superieur-provincial-a-rencontre-danciens-eleves-des-oblats\/","title":{"rendered":"Le sup\u00e9rieur provincial a rencontr\u00e9 d&rsquo;anciens \u00e9l\u00e8ves des Oblats"},"content":{"rendered":"\n<p class=\"has-medium-font-size\">Dimanche, 25 janvier 2026, date anniversaire de la fondation de la congr\u00e9gation en 1816, le R\u00e9v\u00e9rend P\u00e8re Constant KIENGE-KIENGE, Sup\u00e9rieur provincial des Oblats de la Province du Congo (RDC-ANGOLA), a rencontr\u00e9, \u00e0 la paroisse Saint Eloi de Barumbu\/Kinshasa, d&rsquo;anciens \u00e9l\u00e8ves des \u00e9coles dirig\u00e9es par les Oblats en R.D. Congo.<\/p>\n\n\n\n<p class=\"has-medium-font-size\">Cette journ\u00e9e de fraternit\u00e9 a \u00e9t\u00e9 organis\u00e9e pour lancer le projet de cr\u00e9ation d&rsquo;une association des anciens \u00e9l\u00e8ves des Oblats. Une telle association est envisag\u00e9e dans le but de cr\u00e9er une communaut\u00e9 capable de porter l\u2019id\u00e9al oblat, qui consiste \u00e0 promouvoir un esprit de famille entre les membres et de se constituer en un corps missionnaire pour soutenir le projet \u00e9ducatif des Oblats dont ils sont les fruits. C\u2019est en ce sens que, dans son adresse, le P\u00e8re Constant KIENGE-KIENGE a rappel\u00e9 \u00e0 ses invit\u00e9s cette phrase ch\u00e8re de Saint Eug\u00e8ne de Mazenod, Fondateur des Oblats, que \u00a0\u00bb la charit\u00e9 est l&rsquo;\u00e2me de la mission \u00ab\u00a0. Le Fondateur des Oblats \u00e9tait tellement convaincu de cette r\u00e9alit\u00e9 qu&rsquo;il laissera comme testament \u00e0 ses fils : <em>\u00a0\u00bb Pratiquez parmi vous la charit\u00e9, la charit\u00e9, la charit\u00e9, et au dehors, le z\u00e8le pour le salut des \u00e2mes \u00ab\u00a0<\/em>.<\/p>\n\n\n\n<figure class=\"wp-block-image size-full\"><img loading=\"lazy\" decoding=\"async\" width=\"1020\" height=\"765\" src=\"https:\/\/www.oblatcongo.org\/wp-content\/uploads\/2026\/01\/WhatsApp-Image-2026-01-26-at-10.12.32.jpeg\" alt=\"\" class=\"wp-image-1028\" srcset=\"https:\/\/www.oblatcongo.org\/wp-content\/uploads\/2026\/01\/WhatsApp-Image-2026-01-26-at-10.12.32.jpeg 1020w, https:\/\/www.oblatcongo.org\/wp-content\/uploads\/2026\/01\/WhatsApp-Image-2026-01-26-at-10.12.32-300x225.jpeg 300w, https:\/\/www.oblatcongo.org\/wp-content\/uploads\/2026\/01\/WhatsApp-Image-2026-01-26-at-10.12.32-768x576.jpeg 768w, https:\/\/www.oblatcongo.org\/wp-content\/uploads\/2026\/01\/WhatsApp-Image-2026-01-26-at-10.12.32-678x509.jpeg 678w, https:\/\/www.oblatcongo.org\/wp-content\/uploads\/2026\/01\/WhatsApp-Image-2026-01-26-at-10.12.32-326x245.jpeg 326w, https:\/\/www.oblatcongo.org\/wp-content\/uploads\/2026\/01\/WhatsApp-Image-2026-01-26-at-10.12.32-80x60.jpeg 80w\" sizes=\"auto, (max-width: 1020px) 100vw, 1020px\" \/><\/figure>\n\n\n\n<p><\/p>\n\n\n\n<p class=\"has-medium-font-size\">Cette initiative a \u00e9t\u00e9 salu\u00e9e par les participants, une cinquantaine environ, ressortissants notamment du petit s\u00e9minaire Anuarite Bolingo de Yabwanza et du coll\u00e8ge Y\u2019A\u00efso d\u2019Opala dans le dioc\u00e8se d\u2019Isangi, province de la Tshopo, et de l\u2019institut saint Jean Bosco de la paroisse d&rsquo;Ifwanzondo dans le dioc\u00e8se d\u2019Idiofa, province du Kwilu. Les participants, anciens \u00e9l\u00e8ves des Oblats devenus des cadres de la soci\u00e9t\u00e9, professeurs d\u2019universit\u00e9s, juristes, m\u00e9decins, ing\u00e9nieurs, entrepreneurs, pr\u00eatres, enseignants, \u00e9tudiants\u2026 se sont engag\u00e9s \u00e0 porter le projet de cr\u00e9ation de l\u2019association et de participer \u00e0 la c\u00e9l\u00e9bration du bicentenaire de l\u2019approbation pontificale de la Congr\u00e9gation des Oblats, pr\u00e9vue \u00e0 Idiofa le 08 f\u00e9vrier 2026.<\/p>\n\n\n\n<p class=\"has-medium-font-size\">Dans son mot de cl\u00f4ture, le P\u00e8re Provincial a pr\u00e9sent\u00e9 aux participants ses meilleurs v\u0153ux pour l\u2019ann\u00e9e 2026, en souhaitant qu&rsquo;elle soit une ann\u00e9e de sant\u00e9, d\u2019\u00e9panouissement, de r\u00e9ussite et de prosp\u00e9rit\u00e9 pour chacun dans sa famille et dans son milieu professionnel ou formatif.<\/p>\n\n\n\n<p class=\"has-medium-font-size\">La journ\u00e9e a connu plusieurs moments. Tout a commenc\u00e9 par la messe d\u2019action de gr\u00e2ce pour le charisme oblat, pr\u00e9sid\u00e9e par le P\u00e8re Provincial des Oblats dans l\u2019\u00e9glise paroissiale saint Eloi. Apr\u00e8s la messe, un moment d\u2019\u00e9changes a \u00e9t\u00e9 organis\u00e9 dans la salle <em>Immense Esp\u00e9rance<\/em> de la paroisse saint Eloi, au cours duquel le P\u00e8re Provincial a pr\u00e9sent\u00e9 ses desiderata aux participants avant de recueillir leurs avis. La journ\u00e9e a \u00e9t\u00e9 cl\u00f4tur\u00e9e par un repas fraternel, partag\u00e9 dans une ambiance de retrouvailles.<\/p>\n\n\n\n<p class=\"has-text-align-right\">Joseph Mukongo, o.m.i.<\/p>\n\n\n\n<p><\/p>\n","protected":false},"excerpt":{"rendered":"<div class=\"mh-excerpt\"><p>Dimanche, 25 janvier 2026, date anniversaire de la fondation de la congr\u00e9gation en 1816, le R\u00e9v\u00e9rend P\u00e8re Constant KIENGE-KIENGE, Sup\u00e9rieur provincial des Oblats de la Province du Congo (RDC-ANGOLA), a rencontr\u00e9, \u00e0 la paroisse Saint <a class=\"mh-excerpt-more\" href=\"https:\/\/www.oblatcongo.org\/index.php\/2026\/01\/26\/le-superieur-provincial-a-rencontre-danciens-eleves-des-oblats\/\" title=\"Le sup\u00e9rieur provincial a rencontr\u00e9 d&rsquo;anciens \u00e9l\u00e8ves des Oblats\">[Lire plus]<\/a><\/p>\n<\/div>","protected":false},"author":1,"featured_media":1027,"comment_status":"open","ping_status":"open","sticky":false,"template":"","format":"standard","meta":{"jetpack_post_was_ever_published":false,"_jetpack_newsletter_access":"","_jetpack_dont_email_post_to_subs":false,"_jetpack_newsletter_tier_id":0,"_jetpack_memberships_contains_paywalled_content":false,"_jetpack_memberships_contains_paid_content":false,"footnotes":""},"categories":[113,43],"tags":[151,62,97,152],"class_list":{"0":"post-1026","1":"post","2":"type-post","3":"status-publish","4":"format-standard","5":"has-post-thumbnail","7":"category-bicentenaire-des-constitutions","8":"category-enseignement","9":"tag-anciens-eleves","10":"tag-ifwanzondo","11":"tag-isangi","12":"tag-yabwanza"},"jetpack_featured_media_url":"https:\/\/www.oblatcongo.org\/wp-content\/uploads\/2026\/01\/WhatsApp-Image-2026-01-26-at-10.12.31-b.jpeg","jetpack_sharing_enabled":true,"_links":{"self":[{"href":"https:\/\/www.oblatcongo.org\/index.php\/wp-json\/wp\/v2\/posts\/1026","targetHints":{"allow":["GET"]}}],"collection":[{"href":"https:\/\/www.oblatcongo.org\/index.php\/wp-json\/wp\/v2\/posts"}],"about":[{"href":"https:\/\/www.oblatcongo.org\/index.php\/wp-json\/wp\/v2\/types\/post"}],"author":[{"embeddable":true,"href":"https:\/\/www.oblatcongo.org\/index.php\/wp-json\/wp\/v2\/users\/1"}],"replies":[{"embeddable":true,"href":"https:\/\/www.oblatcongo.org\/index.php\/wp-json\/wp\/v2\/comments?post=1026"}],"version-history":[{"count":3,"href":"https:\/\/www.oblatcongo.org\/index.php\/wp-json\/wp\/v2\/posts\/1026\/revisions"}],"predecessor-version":[{"id":1033,"href":"https:\/\/www.oblatcongo.org\/index.php\/wp-json\/wp\/v2\/posts\/1026\/revisions\/1033"}],"wp:featuredmedia":[{"embeddable":true,"href":"https:\/\/www.oblatcongo.org\/index.php\/wp-json\/wp\/v2\/media\/1027"}],"wp:attachment":[{"href":"https:\/\/www.oblatcongo.org\/index.php\/wp-json\/wp\/v2\/media?parent=1026"}],"wp:term":[{"taxonomy":"category","embeddable":true,"href":"https:\/\/www.oblatcongo.org\/index.php\/wp-json\/wp\/v2\/categories?post=1026"},{"taxonomy":"post_tag","embeddable":true,"href":"https:\/\/www.oblatcongo.org\/index.php\/wp-json\/wp\/v2\/tags?post=1026"}],"curies":[{"name":"wp","href":"https:\/\/api.w.org\/{rel}","templated":true}]}}