{"id":246,"date":"2023-12-18T08:12:00","date_gmt":"2023-12-18T07:12:00","guid":{"rendered":"https:\/\/www.oblatcongo.org\/?p=246"},"modified":"2023-12-28T08:24:18","modified_gmt":"2023-12-28T07:24:18","slug":"le-superieur-provincial-a-rencontre-les-ouvriers-et-autres-collaborateurs","status":"publish","type":"post","link":"https:\/\/www.oblatcongo.org\/index.php\/2023\/12\/18\/le-superieur-provincial-a-rencontre-les-ouvriers-et-autres-collaborateurs\/","title":{"rendered":"Le sup\u00e9rieur provincial a rencontr\u00e9 les ouvriers et autres collaborateurs"},"content":{"rendered":"\n<p>Le dimanche 17 d\u00e9cembre 2023\u00a0,  au scolasticat saint Eug\u00e8ne de Mazenod, de 08h00 \u00e0 midi, le P\u00e8re Provincial, le p\u00e8re Constant Kienge-Kienge, a rencontr\u00e9 pour la premi\u00e8re fois les travailleurs des communaut\u00e9s et structures oblates de Kinshasa . Quelques moments importants ont marqu\u00e9 cette rencontre : la r\u00e9collection anim\u00e9e par le P\u00e8re Provincial sous le th\u00e8me\u00a0 \u00ab\u00a0<em>Tu as du prix aux yeux de Dieu<\/em>\u00a0\u00bb (Is 43, 1-7); le partage d\u2019exp\u00e9riences des travailleurs dans un espace de large libert\u00e9 d\u2019expression. Et tout a \u00e9t\u00e9 cl\u00f4tur\u00e9 par la c\u00e9l\u00e9bration eucharistique pr\u00e9sid\u00e9e par le P\u00e8re Provincial, suivie d\u2019un moment de convivialit\u00e9.<\/p>\n\n\n\n<figure class=\"wp-block-image size-large\"><img loading=\"lazy\" decoding=\"async\" width=\"1024\" height=\"768\" src=\"https:\/\/www.oblatcongo.org\/wp-content\/uploads\/2023\/12\/1703746643959-1024x768.jpg\" alt=\"\" class=\"wp-image-248\" srcset=\"https:\/\/www.oblatcongo.org\/wp-content\/uploads\/2023\/12\/1703746643959-1024x768.jpg 1024w, https:\/\/www.oblatcongo.org\/wp-content\/uploads\/2023\/12\/1703746643959-300x225.jpg 300w, https:\/\/www.oblatcongo.org\/wp-content\/uploads\/2023\/12\/1703746643959-768x576.jpg 768w, https:\/\/www.oblatcongo.org\/wp-content\/uploads\/2023\/12\/1703746643959-678x509.jpg 678w, https:\/\/www.oblatcongo.org\/wp-content\/uploads\/2023\/12\/1703746643959-326x245.jpg 326w, https:\/\/www.oblatcongo.org\/wp-content\/uploads\/2023\/12\/1703746643959-80x60.jpg 80w, https:\/\/www.oblatcongo.org\/wp-content\/uploads\/2023\/12\/1703746643959.jpg 1080w\" sizes=\"auto, (max-width: 1024px) 100vw, 1024px\" \/><\/figure>\n\n\n\n<p>L\u2019apr\u00e8s-midi du m\u00eame jour, le P\u00e8re Provincial a rencontr\u00e9 les membres de l\u2019Association Missionnaire de Marie Immacul\u00e9e (AMMI) pour la planification des activit\u00e9s de l\u2019ann\u00e9e 2024-2025.<\/p>\n\n\n\n<figure class=\"wp-block-image size-large\"><img loading=\"lazy\" decoding=\"async\" width=\"1024\" height=\"768\" src=\"https:\/\/www.oblatcongo.org\/wp-content\/uploads\/2023\/12\/1703746643950-1024x768.jpg\" alt=\"\" class=\"wp-image-249\" srcset=\"https:\/\/www.oblatcongo.org\/wp-content\/uploads\/2023\/12\/1703746643950-1024x768.jpg 1024w, https:\/\/www.oblatcongo.org\/wp-content\/uploads\/2023\/12\/1703746643950-300x225.jpg 300w, https:\/\/www.oblatcongo.org\/wp-content\/uploads\/2023\/12\/1703746643950-768x576.jpg 768w, https:\/\/www.oblatcongo.org\/wp-content\/uploads\/2023\/12\/1703746643950-678x509.jpg 678w, https:\/\/www.oblatcongo.org\/wp-content\/uploads\/2023\/12\/1703746643950-326x245.jpg 326w, https:\/\/www.oblatcongo.org\/wp-content\/uploads\/2023\/12\/1703746643950-80x60.jpg 80w, https:\/\/www.oblatcongo.org\/wp-content\/uploads\/2023\/12\/1703746643950.jpg 1080w\" sizes=\"auto, (max-width: 1024px) 100vw, 1024px\" \/><\/figure>\n\n\n\n<p><\/p>\n","protected":false},"excerpt":{"rendered":"<div class=\"mh-excerpt\"><p>Le dimanche 17 d\u00e9cembre 2023\u00a0, au scolasticat saint Eug\u00e8ne de Mazenod, de 08h00 \u00e0 midi, le P\u00e8re Provincial, le p\u00e8re Constant Kienge-Kienge, a rencontr\u00e9 pour la premi\u00e8re fois les travailleurs des communaut\u00e9s et structures oblates <a class=\"mh-excerpt-more\" href=\"https:\/\/www.oblatcongo.org\/index.php\/2023\/12\/18\/le-superieur-provincial-a-rencontre-les-ouvriers-et-autres-collaborateurs\/\" title=\"Le sup\u00e9rieur provincial a rencontr\u00e9 les ouvriers et autres collaborateurs\">[Lire plus]<\/a><\/p>\n<\/div>","protected":false},"author":1,"featured_media":247,"comment_status":"open","ping_status":"open","sticky":false,"template":"","format":"standard","meta":{"jetpack_post_was_ever_published":false,"_jetpack_newsletter_access":"","_jetpack_dont_email_post_to_subs":false,"_jetpack_newsletter_tier_id":0,"_jetpack_memberships_contains_paywalled_content":false,"_jetpack_memberships_contains_paid_content":false,"footnotes":""},"categories":[25,55],"tags":[57,56,20],"class_list":{"0":"post-246","1":"post","2":"type-post","3":"status-publish","4":"format-standard","5":"has-post-thumbnail","7":"category-administration","8":"category-associes-laics","9":"tag-ammi","10":"tag-associes","11":"tag-kienge-kienge"},"jetpack_featured_media_url":"https:\/\/www.oblatcongo.org\/wp-content\/uploads\/2023\/12\/1703746643965.jpg","jetpack_sharing_enabled":true,"_links":{"self":[{"href":"https:\/\/www.oblatcongo.org\/index.php\/wp-json\/wp\/v2\/posts\/246","targetHints":{"allow":["GET"]}}],"collection":[{"href":"https:\/\/www.oblatcongo.org\/index.php\/wp-json\/wp\/v2\/posts"}],"about":[{"href":"https:\/\/www.oblatcongo.org\/index.php\/wp-json\/wp\/v2\/types\/post"}],"author":[{"embeddable":true,"href":"https:\/\/www.oblatcongo.org\/index.php\/wp-json\/wp\/v2\/users\/1"}],"replies":[{"embeddable":true,"href":"https:\/\/www.oblatcongo.org\/index.php\/wp-json\/wp\/v2\/comments?post=246"}],"version-history":[{"count":1,"href":"https:\/\/www.oblatcongo.org\/index.php\/wp-json\/wp\/v2\/posts\/246\/revisions"}],"predecessor-version":[{"id":250,"href":"https:\/\/www.oblatcongo.org\/index.php\/wp-json\/wp\/v2\/posts\/246\/revisions\/250"}],"wp:featuredmedia":[{"embeddable":true,"href":"https:\/\/www.oblatcongo.org\/index.php\/wp-json\/wp\/v2\/media\/247"}],"wp:attachment":[{"href":"https:\/\/www.oblatcongo.org\/index.php\/wp-json\/wp\/v2\/media?parent=246"}],"wp:term":[{"taxonomy":"category","embeddable":true,"href":"https:\/\/www.oblatcongo.org\/index.php\/wp-json\/wp\/v2\/categories?post=246"},{"taxonomy":"post_tag","embeddable":true,"href":"https:\/\/www.oblatcongo.org\/index.php\/wp-json\/wp\/v2\/tags?post=246"}],"curies":[{"name":"wp","href":"https:\/\/api.w.org\/{rel}","templated":true}]}}