{"id":288,"date":"2024-01-20T10:12:05","date_gmt":"2024-01-20T09:12:05","guid":{"rendered":"https:\/\/www.oblatcongo.org\/?p=288"},"modified":"2024-01-20T10:12:06","modified_gmt":"2024-01-20T09:12:06","slug":"visite-du-superieur-provincial-dans-la-mission-dangola","status":"publish","type":"post","link":"https:\/\/www.oblatcongo.org\/index.php\/2024\/01\/20\/visite-du-superieur-provincial-dans-la-mission-dangola\/","title":{"rendered":"Visite du sup\u00e9rieur provincial dans la Mission d&rsquo;Angola"},"content":{"rendered":"\n<p>Le sup\u00e9rieur provincial Constant Kienge-Kienge est arriv\u00e9 \u00e0 Calueque, dans le sud de l&rsquo;Angola, le mardi 16 janvier. Il est arriv\u00e9 de la capitale Luanda via la ville de Lubango, avec trois confr\u00e8res : le sup\u00e9rieur de la Mission d&rsquo;Angola,le p\u00e8re David Ibwidi, le sup\u00e9rieur de la communaut\u00e9 de Calueque, le p\u00e8re Ad\u00e9lard Mapinda et le diacre Manuel Ndala.<\/p>\n\n\n\n<figure class=\"wp-block-image size-large\"><img loading=\"lazy\" decoding=\"async\" width=\"1024\" height=\"865\" src=\"https:\/\/www.oblatcongo.org\/wp-content\/uploads\/2024\/01\/WhatsApp-Image-2024-01-16-a-21.09.15_2bdfb0fe-1024x865.jpg\" alt=\"\" class=\"wp-image-299\" srcset=\"https:\/\/www.oblatcongo.org\/wp-content\/uploads\/2024\/01\/WhatsApp-Image-2024-01-16-a-21.09.15_2bdfb0fe-1024x865.jpg 1024w, https:\/\/www.oblatcongo.org\/wp-content\/uploads\/2024\/01\/WhatsApp-Image-2024-01-16-a-21.09.15_2bdfb0fe-300x254.jpg 300w, https:\/\/www.oblatcongo.org\/wp-content\/uploads\/2024\/01\/WhatsApp-Image-2024-01-16-a-21.09.15_2bdfb0fe-768x649.jpg 768w, https:\/\/www.oblatcongo.org\/wp-content\/uploads\/2024\/01\/WhatsApp-Image-2024-01-16-a-21.09.15_2bdfb0fe.jpg 1084w\" sizes=\"auto, (max-width: 1024px) 100vw, 1024px\" \/><\/figure>\n\n\n\n<p>Depuis le 6 janvier, le p\u00e8re Kienge-Kienge effectue sa premi\u00e8re visite canonique dans la Mission de la Province oblate du Congo. Il a rencontr\u00e9 les Oblats dans la maison de la Mission \u00e0 Luanda. <\/p>\n\n\n\n<figure class=\"wp-block-image size-large\"><img loading=\"lazy\" decoding=\"async\" width=\"1024\" height=\"796\" src=\"https:\/\/www.oblatcongo.org\/wp-content\/uploads\/2024\/01\/WhatsApp-Image-2024-01-16-a-21.09.12_528dc15b-1024x796.jpg\" alt=\"\" class=\"wp-image-295\" srcset=\"https:\/\/www.oblatcongo.org\/wp-content\/uploads\/2024\/01\/WhatsApp-Image-2024-01-16-a-21.09.12_528dc15b-1024x796.jpg 1024w, https:\/\/www.oblatcongo.org\/wp-content\/uploads\/2024\/01\/WhatsApp-Image-2024-01-16-a-21.09.12_528dc15b-300x233.jpg 300w, https:\/\/www.oblatcongo.org\/wp-content\/uploads\/2024\/01\/WhatsApp-Image-2024-01-16-a-21.09.12_528dc15b-768x597.jpg 768w, https:\/\/www.oblatcongo.org\/wp-content\/uploads\/2024\/01\/WhatsApp-Image-2024-01-16-a-21.09.12_528dc15b.jpg 1235w\" sizes=\"auto, (max-width: 1024px) 100vw, 1024px\" \/><\/figure>\n\n\n\n<p>Le sup\u00e9rieur provincial a aussi rencontr\u00e9 des membres de l&rsquo;Association Missionnaire de Marie Immacul\u00e9e (AMMI), associ\u00e9s la\u00efcs des missionnaires oblats. Le p\u00e8re Kienge-Kienge leur a rappel\u00e9 leur relation avec les Oblats par l&rsquo;attachement r\u00e9ciproque au charisme de saint Eug\u00e8ne de Mazenod.<\/p>\n\n\n\n<p> <\/p>\n\n\n\n<figure class=\"wp-block-image size-large\"><img loading=\"lazy\" decoding=\"async\" width=\"1032\" height=\"645\" src=\"https:\/\/www.oblatcongo.org\/wp-content\/uploads\/2024\/01\/WhatsApp-Image-2024-01-16-a-21.09.14_43a8f84b-edited.jpg\" alt=\"\" class=\"wp-image-302\" srcset=\"https:\/\/www.oblatcongo.org\/wp-content\/uploads\/2024\/01\/WhatsApp-Image-2024-01-16-a-21.09.14_43a8f84b-edited.jpg 1032w, https:\/\/www.oblatcongo.org\/wp-content\/uploads\/2024\/01\/WhatsApp-Image-2024-01-16-a-21.09.14_43a8f84b-edited-300x188.jpg 300w, https:\/\/www.oblatcongo.org\/wp-content\/uploads\/2024\/01\/WhatsApp-Image-2024-01-16-a-21.09.14_43a8f84b-edited-1024x640.jpg 1024w, https:\/\/www.oblatcongo.org\/wp-content\/uploads\/2024\/01\/WhatsApp-Image-2024-01-16-a-21.09.14_43a8f84b-edited-768x480.jpg 768w\" sizes=\"auto, (max-width: 1032px) 100vw, 1032px\" \/><\/figure>\n\n\n\n<p>Les associ\u00e9s la\u00efcs d&rsquo;Angola souhaitent intensifier leur relation avec ceux de la R\u00e9publique d\u00e9mocratique du Congo. Le p\u00e8re provincial a souhait\u00e9 voir quelques-uns participer \u00e0 la prochaine Assembl\u00e9e provinciale des Oblats pr\u00e9vue du 26 f\u00e9vrier au 2 mars 2024 \u00e0 Ifwanzondo, dans le dioc\u00e8se d&rsquo;Idiofa en RDC. <\/p>\n\n\n\n<figure class=\"wp-block-image size-large\"><img loading=\"lazy\" decoding=\"async\" width=\"1024\" height=\"825\" src=\"https:\/\/www.oblatcongo.org\/wp-content\/uploads\/2024\/01\/WhatsApp-Image-2024-01-13-a-14.10.27_060000aa-1024x825.jpg\" alt=\"\" class=\"wp-image-294\" srcset=\"https:\/\/www.oblatcongo.org\/wp-content\/uploads\/2024\/01\/WhatsApp-Image-2024-01-13-a-14.10.27_060000aa-1024x825.jpg 1024w, https:\/\/www.oblatcongo.org\/wp-content\/uploads\/2024\/01\/WhatsApp-Image-2024-01-13-a-14.10.27_060000aa-300x242.jpg 300w, https:\/\/www.oblatcongo.org\/wp-content\/uploads\/2024\/01\/WhatsApp-Image-2024-01-13-a-14.10.27_060000aa-768x619.jpg 768w, https:\/\/www.oblatcongo.org\/wp-content\/uploads\/2024\/01\/WhatsApp-Image-2024-01-13-a-14.10.27_060000aa.jpg 1192w\" sizes=\"auto, (max-width: 1024px) 100vw, 1024px\" \/><\/figure>\n","protected":false},"excerpt":{"rendered":"<div class=\"mh-excerpt\"><p>Le sup\u00e9rieur provincial Constant Kienge-Kienge est arriv\u00e9 \u00e0 Calueque, dans le sud de l&rsquo;Angola, le mardi 16 janvier. Il est arriv\u00e9 de la capitale Luanda via la ville de Lubango, avec trois confr\u00e8res : le <a class=\"mh-excerpt-more\" href=\"https:\/\/www.oblatcongo.org\/index.php\/2024\/01\/20\/visite-du-superieur-provincial-dans-la-mission-dangola\/\" title=\"Visite du sup\u00e9rieur provincial dans la Mission d&rsquo;Angola\">[Lire plus]<\/a><\/p>\n<\/div>","protected":false},"author":1,"featured_media":292,"comment_status":"open","ping_status":"open","sticky":false,"template":"","format":"standard","meta":{"jetpack_post_was_ever_published":false,"_jetpack_newsletter_access":"","_jetpack_dont_email_post_to_subs":true,"_jetpack_newsletter_tier_id":0,"_jetpack_memberships_contains_paywalled_content":false,"_jetpack_memberships_contains_paid_content":false,"footnotes":""},"categories":[35,25,61],"tags":[],"class_list":{"0":"post-288","1":"post","2":"type-post","3":"status-publish","4":"format-standard","5":"has-post-thumbnail","7":"category-actualite","8":"category-administration","9":"category-angola"},"jetpack_featured_media_url":"https:\/\/www.oblatcongo.org\/wp-content\/uploads\/2024\/01\/WhatsApp-Image-2024-01-13-a-14.10.12_b8cad391.jpg","jetpack_sharing_enabled":true,"_links":{"self":[{"href":"https:\/\/www.oblatcongo.org\/index.php\/wp-json\/wp\/v2\/posts\/288","targetHints":{"allow":["GET"]}}],"collection":[{"href":"https:\/\/www.oblatcongo.org\/index.php\/wp-json\/wp\/v2\/posts"}],"about":[{"href":"https:\/\/www.oblatcongo.org\/index.php\/wp-json\/wp\/v2\/types\/post"}],"author":[{"embeddable":true,"href":"https:\/\/www.oblatcongo.org\/index.php\/wp-json\/wp\/v2\/users\/1"}],"replies":[{"embeddable":true,"href":"https:\/\/www.oblatcongo.org\/index.php\/wp-json\/wp\/v2\/comments?post=288"}],"version-history":[{"count":1,"href":"https:\/\/www.oblatcongo.org\/index.php\/wp-json\/wp\/v2\/posts\/288\/revisions"}],"predecessor-version":[{"id":303,"href":"https:\/\/www.oblatcongo.org\/index.php\/wp-json\/wp\/v2\/posts\/288\/revisions\/303"}],"wp:featuredmedia":[{"embeddable":true,"href":"https:\/\/www.oblatcongo.org\/index.php\/wp-json\/wp\/v2\/media\/292"}],"wp:attachment":[{"href":"https:\/\/www.oblatcongo.org\/index.php\/wp-json\/wp\/v2\/media?parent=288"}],"wp:term":[{"taxonomy":"category","embeddable":true,"href":"https:\/\/www.oblatcongo.org\/index.php\/wp-json\/wp\/v2\/categories?post=288"},{"taxonomy":"post_tag","embeddable":true,"href":"https:\/\/www.oblatcongo.org\/index.php\/wp-json\/wp\/v2\/tags?post=288"}],"curies":[{"name":"wp","href":"https:\/\/api.w.org\/{rel}","templated":true}]}}