{"id":2953,"date":"2026-08-28T10:55:27","date_gmt":"2026-08-28T09:55:27","guid":{"rendered":"https:\/\/www.oblatcongo.org\/?p=2953"},"modified":"2026-08-31T11:30:17","modified_gmt":"2026-08-31T10:30:17","slug":"anaclet-dupar-une-intelligence-silencieuse-et-courageuse-p-didier-mupaya","status":"publish","type":"post","link":"https:\/\/www.oblatcongo.org\/index.php\/2026\/08\/28\/anaclet-dupar-une-intelligence-silencieuse-et-courageuse-p-didier-mupaya\/","title":{"rendered":"Anaclet Dupar, \u00ab\u00a0une intelligence silencieuse et courageuse\u00a0\u00bb (P. Didier Mupaya)"},"content":{"rendered":"\n<p class=\"has-medium-font-size wp-block-paragraph\"><em>Le 28 ao\u00fbt, l&rsquo;Universit\u00e9 de Mazenod de Kinshasa a rendu hommage \u00e0 son ancien recteur, le p\u00e8re Anaclet Dupar. Voici l&rsquo;hommage du secr\u00e9taire g\u00e9n\u00e9ral charg\u00e9 de la recherche, le p\u00e8re Didier Mupaya, peu avant la messe des fun\u00e9railles.<\/em><\/p>\n\n\n\n<p class=\"has-medium-font-size wp-block-paragraph\"><strong>Une intelligence silencieuse et courageuse<br>Laudatio academica<\/strong><\/p>\n\n\n\n<p class=\"has-medium-font-size wp-block-paragraph\"><strong>en hommage au R\u00e9v\u00e9rend P\u00e8re Professeur Docteur Anaclet Dupar Lalhe, O.M.I.<\/strong> <strong>\u00c0 l\u2019occasion de la c\u00e9l\u00e9bration de ses fun\u00e9railles \u2014 Kinshasa, vendredi 28 ao\u00fbt 2026<\/strong><\/p>\n\n\n\n<figure class=\"wp-block-image size-large\"><img loading=\"lazy\" decoding=\"async\" width=\"1024\" height=\"576\" src=\"https:\/\/www.oblatcongo.org\/wp-content\/uploads\/2026\/08\/IMG_20260828_093037-1024x576.jpg\" alt=\"\" class=\"wp-image-2955\" srcset=\"https:\/\/www.oblatcongo.org\/wp-content\/uploads\/2026\/08\/IMG_20260828_093037-1024x576.jpg 1024w, https:\/\/www.oblatcongo.org\/wp-content\/uploads\/2026\/08\/IMG_20260828_093037-300x169.jpg 300w, https:\/\/www.oblatcongo.org\/wp-content\/uploads\/2026\/08\/IMG_20260828_093037-768x432.jpg 768w, https:\/\/www.oblatcongo.org\/wp-content\/uploads\/2026\/08\/IMG_20260828_093037-1536x864.jpg 1536w, https:\/\/www.oblatcongo.org\/wp-content\/uploads\/2026\/08\/IMG_20260828_093037-678x381.jpg 678w, https:\/\/www.oblatcongo.org\/wp-content\/uploads\/2026\/08\/IMG_20260828_093037-1320x743.jpg 1320w, https:\/\/www.oblatcongo.org\/wp-content\/uploads\/2026\/08\/IMG_20260828_093037.jpg 1920w\" sizes=\"auto, (max-width: 1024px) 100vw, 1024px\" \/><\/figure>\n\n\n\n<p class=\"has-medium-font-size wp-block-paragraph\">R\u00e9v\u00e9rend P\u00e8re Provincial,<br>Chers confr\u00e8res Oblats de Marie Immacul\u00e9e,<br>Autorit\u00e9s eccl\u00e9siastiques,<br>R\u00e9v\u00e9rends Abb\u00e9s, R\u00e9v\u00e9rendes S\u0153urs,<br>Autorit\u00e9s acad\u00e9miques et administratives,<br>Membres du corps enseignant et scientifique,<br>Chers \u00e9tudiants,<br>Chers Membres de la famille biologique du P\u00e8re Anaclet Dupar Lalhe,<br>Mesdames et Messieurs,<\/p>\n\n\n\n<p class=\"has-medium-font-size wp-block-paragraph\">C\u2019est avec une profonde \u00e9motion et une vive reconnaissance que je prends la parole en cette circonstance douloureuse pour rendre hommage \u00e0 un homme dont la vie aura \u00e9t\u00e9 intimement li\u00e9e au service de Dieu, de l\u2019\u00c9glise, de la formation intellectuelle et de la jeunesse : le R\u00e9v\u00e9rend P\u00e8re Professeur Anaclet Dupar Lalhe (ADL), Oblat de Marie Immacul\u00e9e.<\/p>\n\n\n\n<p class=\"has-medium-font-size wp-block-paragraph\">Le P\u00e8re Anaclet Dupar nous a quitt\u00e9s de mani\u00e8re inopin\u00e9e le mercredi 19 ao\u00fbt 2026, \u00e0 Kinshasa, \u00e0 l\u2019h\u00f4pital Saint-Joseph, apr\u00e8s une courte maladie. Les informations publi\u00e9es rappellent notamment son minist\u00e8re comme cur\u00e9 de la paroisse Saint-Philippe ainsi que son r\u00f4le d\u2019ancien et premier recteur de l\u2019Universit\u00e9 De Mazenod.<\/p>\n\n\n\n<p class=\"has-medium-font-size wp-block-paragraph\">Mais aujourd\u2019hui, nous ne voulons pas seulement rappeler une date, une fonction ou un parcours administratif. Nous voulons c\u00e9l\u00e9brer une personne, une pr\u00e9sence, une intelligence, une vision et une \u0153uvre.<\/p>\n\n\n\n<figure class=\"wp-block-image size-large\"><img loading=\"lazy\" decoding=\"async\" width=\"1024\" height=\"576\" src=\"https:\/\/www.oblatcongo.org\/wp-content\/uploads\/2026\/08\/IMG_20260828_083701-1024x576.jpg\" alt=\"\" class=\"wp-image-2956\" srcset=\"https:\/\/www.oblatcongo.org\/wp-content\/uploads\/2026\/08\/IMG_20260828_083701-1024x576.jpg 1024w, https:\/\/www.oblatcongo.org\/wp-content\/uploads\/2026\/08\/IMG_20260828_083701-300x169.jpg 300w, https:\/\/www.oblatcongo.org\/wp-content\/uploads\/2026\/08\/IMG_20260828_083701-768x432.jpg 768w, https:\/\/www.oblatcongo.org\/wp-content\/uploads\/2026\/08\/IMG_20260828_083701-1536x864.jpg 1536w, https:\/\/www.oblatcongo.org\/wp-content\/uploads\/2026\/08\/IMG_20260828_083701-678x381.jpg 678w, https:\/\/www.oblatcongo.org\/wp-content\/uploads\/2026\/08\/IMG_20260828_083701-1320x743.jpg 1320w, https:\/\/www.oblatcongo.org\/wp-content\/uploads\/2026\/08\/IMG_20260828_083701.jpg 1920w\" sizes=\"auto, (max-width: 1024px) 100vw, 1024px\" \/><\/figure>\n\n\n\n<p class=\"has-medium-font-size wp-block-paragraph\"><strong>1. ADL&nbsp;: Une intelligence au service d\u2019une vision<\/strong><\/p>\n\n\n\n<p class=\"has-medium-font-size wp-block-paragraph\">Le P\u00e8re Anaclet Dupar \u00e9tait une <strong>intelligence silencieuse et courageuse<\/strong>. Silencieuse, non pas parce qu\u2019elle manquait de force, mais parce qu\u2019elle n\u2019avait pas besoin de se mettre en sc\u00e8ne pour \u00eatre f\u00e9conde. Courageuse, parce qu\u2019elle savait discerner les possibilit\u00e9s l\u00e0 o\u00f9 d\u2019autres ne voyaient encore que des obstacles ; parce qu\u2019elle savait porter une intuition jusqu\u2019\u00e0 sa r\u00e9alisation, m\u00eame lorsque cette intuition rencontrait l\u2019incompr\u00e9hension, l\u2019indiff\u00e9rence ou la r\u00e9sistance.<\/p>\n\n\n\n<p class=\"has-medium-font-size wp-block-paragraph\">Il poss\u00e9dait cette qualit\u00e9 rare des b\u00e2tisseurs : la capacit\u00e9 de voir loin tout en acceptant de commencer modestement.<\/p>\n\n\n\n<p class=\"has-medium-font-size wp-block-paragraph\">Cette intelligence \u00e9tait souvent plac\u00e9e \u00e0 l\u2019avant-garde des projets innovants. Ce n\u2019est donc pas sans raison que, d\u00e8s la fin de son graduat en philosophie, en 1989, ses Sup\u00e9rieurs religieux lui confi\u00e8rent la conduite d\u2019une mission fluviale pionni\u00e8re : emmener un premier bateau, en remontant le fleuve Congo et la Lomami, de Kinshasa jusqu\u2019\u00e0 Isangi et \u00e0 Opala, afin d\u2019ouvrir de nouvelles perspectives aux services missionnaires destin\u00e9s aux populations de ces terres enclav\u00e9es.<\/p>\n\n\n\n<p class=\"has-medium-font-size wp-block-paragraph\">Cette mission, accomplie au seuil de sa vie missionnaire, \u00e9tait d\u00e9j\u00e0 r\u00e9v\u00e9latrice de sa personnalit\u00e9. Il fallait de l\u2019audace pour s\u2019engager sur un itin\u00e9raire fluvial incertain, de la disponibilit\u00e9 pour aller \u00e0 la rencontre de peuples \u00e9loign\u00e9s, et un sens aigu de l\u2019initiative pour imaginer des mesures et formes concr\u00e8tes d\u2019intervention en cas d\u2019impr\u00e9vus.<\/p>\n\n\n\n<p class=\"has-medium-font-size wp-block-paragraph\">Le jeune philosophe que ses Sup\u00e9rieurs envoyaient alors sur le fleuve portait d\u00e9j\u00e0 en lui les traits du futur b\u00e2tisseur : le go\u00fbt de l\u2019exploration, le courage de l\u2019in\u00e9dit, l\u2019attention aux besoins des populations et la conviction que toute mission v\u00e9ritable commence par un d\u00e9placement vers l\u2019autre.<\/p>\n\n\n\n<p class=\"has-medium-font-size wp-block-paragraph\">Cette m\u00eame intelligence courageuse se manifesta encore lorsqu\u2019il devint le premier Oblat congolais \u00e0 assumer les lourdes charges de tr\u00e9sorier provincial. Une telle responsabilit\u00e9 exigeait bien davantage que la ma\u00eetrise des chiffres et des proc\u00e9dures. Elle demandait de la probit\u00e9, de la discr\u00e9tion, une grande capacit\u00e9 de discernement et le courage de prendre des d\u00e9cisions au service du bien commun de la Province et des missions p\u00e9riph\u00e9riques.<\/p>\n\n\n\n<p class=\"has-medium-font-size wp-block-paragraph\">En acceptant cette charge, le P\u00e8re Dupar d\u00e9montrait que l\u2019administration des ressources eccl\u00e9siales \u00e9tait elle aussi un v\u00e9ritable service missionnaire. G\u00e9rer avec rigueur les biens de la communaut\u00e9, c\u2019\u00e9tait permettre aux \u0153uvres de vivre, aux communaut\u00e9s de fonctionner et aux engagements apostoliques de se poursuivre. Sa responsabilit\u00e9 financi\u00e8re s\u2019inscrivait ainsi dans la m\u00eame logique que son exp\u00e9rience fluviale : ouvrir des voies, assurer la continuit\u00e9 de la mission et rendre possible l\u2019avenir.<\/p>\n\n\n\n<p class=\"has-medium-font-size wp-block-paragraph\">La m\u00eame coh\u00e9rence appara\u00eet dans son parcours intellectuel et scientifique. Ses recherches doctorales, consacr\u00e9es \u00e0 la formation, \u00e0 l\u2019acquisition et \u00e0 la gestion du patrimoine des anciennes \u00c9glises d\u2019Afrique du Nord, ne relevaient pas d\u2019une simple curiosit\u00e9 historique. Dans sa th\u00e8se de doctorat en th\u00e9ologie, soutenue \u00e0 l\u2019Universit\u00e9 Saint-Paul d\u2019Ottawa en 2009, il s\u2019est interrog\u00e9 sur les fondements th\u00e9ologiques du patrimoine des \u00c9glises d\u2019Afrique romaine.<\/p>\n\n\n\n<p class=\"has-medium-font-size wp-block-paragraph\">En \u00e9tudiant la mani\u00e8re dont les anciennes \u00c9glises d\u2019Afrique du Nord avaient constitu\u00e9, administr\u00e9 et consolid\u00e9 leurs ressources, le P\u00e8re Dupar cherchait aussi, en profondeur, \u00e0 \u00e9clairer la marche des \u00c9glises africaines d\u2019aujourd\u2019hui. Il ne regardait pas le pass\u00e9 comme un mus\u00e9e ferm\u00e9, mais comme une source d\u2019intelligence pour le pr\u00e9sent et d\u2019inspiration pour l\u2019avenir.<\/p>\n\n\n\n<p class=\"has-medium-font-size wp-block-paragraph\">L\u00e0 encore, son intelligence se r\u00e9v\u00e9lait courageuse : elle osait affronter des questions concr\u00e8tes \u2014 la gestion, la responsabilit\u00e9, les ressources, la consolidation des \u0153uvres \u2014 tout en les situant dans une r\u00e9flexion th\u00e9ologique, historique et eccl\u00e9siale. Chez lui, la recherche n\u2019\u00e9tait jamais s\u00e9par\u00e9e de la mission. Elle devait aider l\u2019\u00c9glise \u00e0 mieux comprendre son histoire, \u00e0 administrer fid\u00e8lement ses biens et \u00e0 construire avec davantage de responsabilit\u00e9 son avenir en Afrique.<\/p>\n\n\n\n<p class=\"has-medium-font-size wp-block-paragraph\">Des rives du fleuve Congo aux responsabilit\u00e9s de la tr\u00e9sorerie provinciale, des archives des anciennes \u00c9glises d\u2019Afrique romaine aux chantiers de l\u2019universit\u00e9 De Mazenod, il y eut ainsi une profonde continuit\u00e9 dans son parcours. Le P\u00e8re Dupar a toujours \u00e9t\u00e9 un homme de passage et d\u2019ouverture : il allait vers les lieux o\u00f9 quelque chose devait \u00eatre commenc\u00e9, organis\u00e9, structur\u00e9 ou renouvel\u00e9. Il ne se contentait pas d\u2019habiter les \u0153uvres existantes, de marcher sur des sentiers battus, il cherchait \u00e0 leur donner un nouvel avenir.<\/p>\n\n\n\n<figure class=\"wp-block-image size-large\"><img loading=\"lazy\" decoding=\"async\" width=\"1024\" height=\"576\" src=\"https:\/\/www.oblatcongo.org\/wp-content\/uploads\/2026\/08\/IMG_20260828_092537-1024x576.jpg\" alt=\"\" class=\"wp-image-2957\" srcset=\"https:\/\/www.oblatcongo.org\/wp-content\/uploads\/2026\/08\/IMG_20260828_092537-1024x576.jpg 1024w, https:\/\/www.oblatcongo.org\/wp-content\/uploads\/2026\/08\/IMG_20260828_092537-300x169.jpg 300w, https:\/\/www.oblatcongo.org\/wp-content\/uploads\/2026\/08\/IMG_20260828_092537-768x432.jpg 768w, https:\/\/www.oblatcongo.org\/wp-content\/uploads\/2026\/08\/IMG_20260828_092537-1536x864.jpg 1536w, https:\/\/www.oblatcongo.org\/wp-content\/uploads\/2026\/08\/IMG_20260828_092537-678x381.jpg 678w, https:\/\/www.oblatcongo.org\/wp-content\/uploads\/2026\/08\/IMG_20260828_092537-1320x743.jpg 1320w, https:\/\/www.oblatcongo.org\/wp-content\/uploads\/2026\/08\/IMG_20260828_092537.jpg 1920w\" sizes=\"auto, (max-width: 1024px) 100vw, 1024px\" \/><\/figure>\n\n\n\n<p class=\"has-medium-font-size wp-block-paragraph\"><strong>2. ADL&nbsp;: Le principal artisan de l\u2019Universit\u00e9 de Mazenod<\/strong><\/p>\n\n\n\n<p class=\"has-medium-font-size wp-block-paragraph\">Parmi les \u0153uvres auxquelles son nom restera attach\u00e9, l\u2019Universit\u00e9 de Mazenod occupe une place particuli\u00e8re.<\/p>\n\n\n\n<p class=\"has-medium-font-size wp-block-paragraph\">Cette Universit\u00e9 est issue de la transformation statutaire de l\u2019Institut Th\u00e9ologique Saint-Eug\u00e8ne de Mazenod. Son ouverture en 2018 consacrait une \u00e9volution institutionnelle majeure et une ambition nouvelle pour l\u2019enseignement sup\u00e9rieur catholique. \u00c0 l\u2019occasion du lancement officiel, en mai 2019, le P\u00e8re Anaclet Dupar, alors recteur, rappelait que la formation et l\u2019enseignement sup\u00e9rieur constituaient des moyens d\u2019\u00e9vang\u00e9lisation, sans se confondre avec la fin premi\u00e8re de l\u2019\u00e9vang\u00e9lisation.<\/p>\n\n\n\n<p class=\"has-medium-font-size wp-block-paragraph\">Cette pens\u00e9e r\u00e9sume admirablement son approche : former l\u2019\u00eatre humain dans toutes ses dimensions, d\u00e9velopper l\u2019intelligence, fortifier la conscience, pr\u00e9parer \u00e0 la responsabilit\u00e9 et servir la soci\u00e9t\u00e9. Voil\u00e0 ce qu\u2019il n\u2019a cess\u00e9 d\u2019inculquer aux \u00e9tudiants, m\u00eame la\u00efcs, \u00e0 travers ses cours sur l\u2019enseignement social de l\u2019\u00c9glise.<\/p>\n\n\n\n<p class=\"has-medium-font-size wp-block-paragraph\">Je me souviens, comme si c\u2019\u00e9tait hier, de ce jour du d\u00e9but janvier 2017 o\u00f9 sa documentation relative \u00e0 la transformation statutaire de l\u2019Institut Th\u00e9ologique Saint-Eug\u00e8ne de Mazenod en Universit\u00e9 De Mazenod fut jet\u00e9e par-dessus bord par une autorit\u00e9 eccl\u00e9siastique pourtant cens\u00e9e s\u2019engager en premi\u00e8re ligne.<\/p>\n\n\n\n<p class=\"has-medium-font-size wp-block-paragraph\">Cette r\u00e9action impulsive aurait pu le d\u00e9courager. Elle aurait pu conduire au renoncement. Elle aurait pu faire croire que le projet \u00e9tait irr\u00e9aliste ou d\u00e9finitivement compromis. Mais le P\u00e8re Dupar n\u2019a pas renonc\u00e9.<\/p>\n\n\n\n<p class=\"has-medium-font-size wp-block-paragraph\">C\u2019est \u00e0 ce moment pr\u00e9cis que se r\u00e9v\u00e8le peut-\u00eatre le mieux la grandeur de l\u2019homme. Il a accept\u00e9 de porter la croix de cette universit\u00e9 avant m\u00eame que celle-ci ne soit reconnue dans sa nouvelle forme. Il l\u2019a port\u00e9e dans le silence, dans la discr\u00e9tion, parfois dans la solitude, mais toujours avec une d\u00e9termination int\u00e9rieure remarquable.<\/p>\n\n\n\n<p class=\"has-medium-font-size wp-block-paragraph\">Il aura \u00e9t\u00e9 le premier \u00e0 croire durablement en cette \u0153uvre. Il en restera le principal artisan et celui qui en aura conduit les premiers pas.<\/p>\n\n\n\n<figure class=\"wp-block-image size-large\"><img loading=\"lazy\" decoding=\"async\" width=\"1024\" height=\"576\" src=\"https:\/\/www.oblatcongo.org\/wp-content\/uploads\/2026\/08\/IMG_20260828_084724-1024x576.jpg\" alt=\"\" class=\"wp-image-2958\" srcset=\"https:\/\/www.oblatcongo.org\/wp-content\/uploads\/2026\/08\/IMG_20260828_084724-1024x576.jpg 1024w, https:\/\/www.oblatcongo.org\/wp-content\/uploads\/2026\/08\/IMG_20260828_084724-300x169.jpg 300w, https:\/\/www.oblatcongo.org\/wp-content\/uploads\/2026\/08\/IMG_20260828_084724-768x432.jpg 768w, https:\/\/www.oblatcongo.org\/wp-content\/uploads\/2026\/08\/IMG_20260828_084724-1536x864.jpg 1536w, https:\/\/www.oblatcongo.org\/wp-content\/uploads\/2026\/08\/IMG_20260828_084724-678x381.jpg 678w, https:\/\/www.oblatcongo.org\/wp-content\/uploads\/2026\/08\/IMG_20260828_084724-1320x743.jpg 1320w, https:\/\/www.oblatcongo.org\/wp-content\/uploads\/2026\/08\/IMG_20260828_084724.jpg 1920w\" sizes=\"auto, (max-width: 1024px) 100vw, 1024px\" \/><\/figure>\n\n\n\n<p class=\"has-medium-font-size wp-block-paragraph\"><strong>3. ADL&nbsp;: Un recteur proche des \u00e9tudiants<\/strong><\/p>\n\n\n\n<p class=\"has-medium-font-size wp-block-paragraph\">Mais le P\u00e8re Dupar ne fut pas seulement l\u2019homme d\u2019un projet institutionnel. Il fut aussi une voix paternelle pour la naissante Universit\u00e9 De Mazenod.<\/p>\n\n\n\n<p class=\"has-medium-font-size wp-block-paragraph\">Il \u00e9tait proche des \u00e9tudiants. Cette proximit\u00e9 proc\u00e9dait d\u2019une v\u00e9ritable responsabilit\u00e9 \u00e9ducative. Pour lui l\u2019universit\u00e9 ne se r\u00e9duit pas \u00e0 la transmission des savoirs, elle est aussi un espace de croissance humaine, de discernement et de maturation personnelle.<\/p>\n\n\n\n<p class=\"has-medium-font-size wp-block-paragraph\">Il porta une attention particuli\u00e8re aux premiers \u00e9tudiants la\u00efcs inscrits \u00e0 l\u2019Universit\u00e9 De Mazenod. En eux, il voyait non seulement des b\u00e9n\u00e9ficiaires de la formation, mais aussi les premiers t\u00e9moins de l\u2019ouverture et de l\u2019avenir de l\u2019institution. Il savait que leur pr\u00e9sence donnait un visage nouveau \u00e0 l\u2019\u0153uvre acad\u00e9mique des Oblats en RDC.<\/p>\n\n\n\n<p class=\"has-medium-font-size wp-block-paragraph\">Cette proximit\u00e9 avec les \u00e9tudiants s\u2019inscrivait dans l\u2019esprit de famille propre au charisme oblat. Le P\u00e8re Dupar l\u2019a transmis avec fid\u00e9lit\u00e9, en associant l\u2019exigence acad\u00e9mique \u00e0 la bienveillance et \u00e0 l\u2019\u00e9coute. Aujourd\u2019hui, le P\u00e8re Dupar reposera au cimeti\u00e8re situ\u00e9 sur le campus de l\u2019Universit\u00e9 De Mazenod. Sa pr\u00e9sence d\u00e9sormais silencieuse au c\u0153ur de l\u2019institution rappellera \u00e0 jamais \u00e0 la communaut\u00e9 universitaire l\u2019histoire, les sacrifices et l\u2019esprit de famille qui doivent continuer \u00e0 l\u2019animer.<\/p>\n\n\n\n<figure class=\"wp-block-image size-large\"><img loading=\"lazy\" decoding=\"async\" width=\"1024\" height=\"576\" src=\"https:\/\/www.oblatcongo.org\/wp-content\/uploads\/2026\/08\/IMG_20260828_091444-1024x576.jpg\" alt=\"\" class=\"wp-image-2959\" srcset=\"https:\/\/www.oblatcongo.org\/wp-content\/uploads\/2026\/08\/IMG_20260828_091444-1024x576.jpg 1024w, https:\/\/www.oblatcongo.org\/wp-content\/uploads\/2026\/08\/IMG_20260828_091444-300x169.jpg 300w, https:\/\/www.oblatcongo.org\/wp-content\/uploads\/2026\/08\/IMG_20260828_091444-768x432.jpg 768w, https:\/\/www.oblatcongo.org\/wp-content\/uploads\/2026\/08\/IMG_20260828_091444-1536x864.jpg 1536w, https:\/\/www.oblatcongo.org\/wp-content\/uploads\/2026\/08\/IMG_20260828_091444-678x381.jpg 678w, https:\/\/www.oblatcongo.org\/wp-content\/uploads\/2026\/08\/IMG_20260828_091444-1320x743.jpg 1320w, https:\/\/www.oblatcongo.org\/wp-content\/uploads\/2026\/08\/IMG_20260828_091444.jpg 1920w\" sizes=\"auto, (max-width: 1024px) 100vw, 1024px\" \/><\/figure>\n\n\n\n<figure class=\"wp-block-image size-large\"><img loading=\"lazy\" decoding=\"async\" width=\"1024\" height=\"576\" src=\"https:\/\/www.oblatcongo.org\/wp-content\/uploads\/2026\/08\/IMG_20260828_092525_1-1024x576.jpg\" alt=\"\" class=\"wp-image-2960\" srcset=\"https:\/\/www.oblatcongo.org\/wp-content\/uploads\/2026\/08\/IMG_20260828_092525_1-1024x576.jpg 1024w, https:\/\/www.oblatcongo.org\/wp-content\/uploads\/2026\/08\/IMG_20260828_092525_1-300x169.jpg 300w, https:\/\/www.oblatcongo.org\/wp-content\/uploads\/2026\/08\/IMG_20260828_092525_1-768x432.jpg 768w, https:\/\/www.oblatcongo.org\/wp-content\/uploads\/2026\/08\/IMG_20260828_092525_1-1536x864.jpg 1536w, https:\/\/www.oblatcongo.org\/wp-content\/uploads\/2026\/08\/IMG_20260828_092525_1-678x381.jpg 678w, https:\/\/www.oblatcongo.org\/wp-content\/uploads\/2026\/08\/IMG_20260828_092525_1-1320x743.jpg 1320w, https:\/\/www.oblatcongo.org\/wp-content\/uploads\/2026\/08\/IMG_20260828_092525_1.jpg 1920w\" sizes=\"auto, (max-width: 1024px) 100vw, 1024px\" \/><\/figure>\n\n\n\n<p class=\"has-medium-font-size wp-block-paragraph\"><strong>4. ADL&nbsp;: Un collaborateur et un ma\u00eetre de vie<\/strong><\/p>\n\n\n\n<p class=\"has-medium-font-size wp-block-paragraph\">Pour ma part, j\u2019ai eu la gr\u00e2ce et la responsabilit\u00e9 de collaborer avec lui pendant six ann\u00e9es, de 2013 \u00e0 2019, comme secr\u00e9taire g\u00e9n\u00e9ral acad\u00e9mique.<\/p>\n\n\n\n<p class=\"has-medium-font-size wp-block-paragraph\">Cette collaboration m\u2019a permis de d\u00e9couvrir l\u2019homme au-del\u00e0 de la fonction. J\u2019ai pu observer sa mani\u00e8re de r\u00e9fl\u00e9chir, de d\u00e9cider, de n\u00e9gocier et de tenir bon.<\/p>\n\n\n\n<p class=\"has-medium-font-size wp-block-paragraph\">J\u2019ai aussi compris que le leadership du P\u00e8re Dupar ne reposait pas sur l\u2019autorit\u00e9 bruyante. Il s\u2019exer\u00e7ait plut\u00f4t par la conviction, la constance, l\u2019exemple et la capacit\u00e9 \u00e0 garder le cap m\u00eame lorsque les circonstances devenaient difficiles.<\/p>\n\n\n\n<p class=\"has-medium-font-size wp-block-paragraph\">Durant ces six ann\u00e9es, il fut pour moi un collaborateur, un sup\u00e9rieur, un conseiller et, dans bien des circonstances, un ma\u00eetre de vie, de retenue et de silence. Je mesure aujourd\u2019hui combien cette collaboration a contribu\u00e9 \u00e0 ma propre compr\u00e9hension du service acad\u00e9mique, de la responsabilit\u00e9 universitaire et de la proximit\u00e9 humaine.<\/p>\n\n\n\n<figure class=\"wp-block-image size-large\"><img loading=\"lazy\" decoding=\"async\" width=\"1024\" height=\"576\" src=\"https:\/\/www.oblatcongo.org\/wp-content\/uploads\/2026\/08\/IMG_20260828_092555-1024x576.jpg\" alt=\"\" class=\"wp-image-2961\" srcset=\"https:\/\/www.oblatcongo.org\/wp-content\/uploads\/2026\/08\/IMG_20260828_092555-1024x576.jpg 1024w, https:\/\/www.oblatcongo.org\/wp-content\/uploads\/2026\/08\/IMG_20260828_092555-300x169.jpg 300w, https:\/\/www.oblatcongo.org\/wp-content\/uploads\/2026\/08\/IMG_20260828_092555-768x432.jpg 768w, https:\/\/www.oblatcongo.org\/wp-content\/uploads\/2026\/08\/IMG_20260828_092555-1536x864.jpg 1536w, https:\/\/www.oblatcongo.org\/wp-content\/uploads\/2026\/08\/IMG_20260828_092555-678x381.jpg 678w, https:\/\/www.oblatcongo.org\/wp-content\/uploads\/2026\/08\/IMG_20260828_092555-1320x743.jpg 1320w, https:\/\/www.oblatcongo.org\/wp-content\/uploads\/2026\/08\/IMG_20260828_092555.jpg 1920w\" sizes=\"auto, (max-width: 1024px) 100vw, 1024px\" \/><\/figure>\n\n\n\n<p class=\"has-medium-font-size wp-block-paragraph\"><strong>5. ADL&nbsp;: Une conception int\u00e9grale de l\u2019universit\u00e9<\/strong><\/p>\n\n\n\n<p class=\"has-medium-font-size wp-block-paragraph\">La vision du P\u00e8re Dupar s\u2019enracinait dans une conception int\u00e9grale de l\u2019universit\u00e9.<\/p>\n\n\n\n<p class=\"has-medium-font-size wp-block-paragraph\">Pour lui, l\u2019enseignement sup\u00e9rieur devait \u00eatre \u00e0 la fois exigeant sur le plan scientifique, attentif aux r\u00e9alit\u00e9s humaines et orient\u00e9 vers le bien commun. Une universit\u00e9 catholique devait \u00eatre, selon une expression rappel\u00e9e lors du lancement de l\u2019Universit\u00e9 de Mazenod, \u00ab la conscience dans la science et la lumi\u00e8re dans la soci\u00e9t\u00e9 \u00bb.<\/p>\n\n\n\n<figure class=\"wp-block-image size-large\"><img loading=\"lazy\" decoding=\"async\" width=\"1024\" height=\"461\" src=\"https:\/\/www.oblatcongo.org\/wp-content\/uploads\/2026\/08\/IMG_20260828_092937-1024x461.jpg\" alt=\"\" class=\"wp-image-2962\" srcset=\"https:\/\/www.oblatcongo.org\/wp-content\/uploads\/2026\/08\/IMG_20260828_092937-1024x461.jpg 1024w, https:\/\/www.oblatcongo.org\/wp-content\/uploads\/2026\/08\/IMG_20260828_092937-300x135.jpg 300w, https:\/\/www.oblatcongo.org\/wp-content\/uploads\/2026\/08\/IMG_20260828_092937-768x346.jpg 768w, https:\/\/www.oblatcongo.org\/wp-content\/uploads\/2026\/08\/IMG_20260828_092937-1536x691.jpg 1536w, https:\/\/www.oblatcongo.org\/wp-content\/uploads\/2026\/08\/IMG_20260828_092937-2048x922.jpg 2048w, https:\/\/www.oblatcongo.org\/wp-content\/uploads\/2026\/08\/IMG_20260828_092937-1320x594.jpg 1320w\" sizes=\"auto, (max-width: 1024px) 100vw, 1024px\" \/><\/figure>\n\n\n\n<p class=\"has-medium-font-size wp-block-paragraph\"><strong>6. Un h\u00e9ritage \u00e0 poursuivre<\/strong><\/p>\n\n\n\n<p class=\"has-medium-font-size wp-block-paragraph\">Le d\u00e9c\u00e8s du P\u00e8re Dupar nous plonge dans la tristesse, mais son \u0153uvre nous interdit le d\u00e9couragement.<\/p>\n\n\n\n<p class=\"has-medium-font-size wp-block-paragraph\">Une vie comme la sienne ne s\u2019ach\u00e8ve pas avec la mort. Elle se prolonge dans les institutions qu\u2019elle a contribu\u00e9 \u00e0 faire na\u00eetre, dans les \u00e9tudiants et \u00e9tudiantes qu\u2019elle a form\u00e9s, dans les collaborateurs et collaboratrices qu\u2019elle a accompagn\u00e9s, dans les vocations qu\u2019elle a encourag\u00e9es et dans les convictions qu\u2019elle a sem\u00e9es.<\/p>\n\n\n\n<p class=\"has-medium-font-size wp-block-paragraph\">L\u2019Universit\u00e9 De Mazenod porte d\u00e9sormais une responsabilit\u00e9 particuli\u00e8re : ne pas trahir l\u2019intuition de son principal artisan.<\/p>\n\n\n\n<p class=\"has-medium-font-size wp-block-paragraph\">Poursuivre son \u0153uvre, ce sera pour nous :<\/p>\n\n\n\n<ul class=\"wp-block-list\">\n<li class=\"has-medium-font-size\">d\u00e9fendre la qualit\u00e9 et l\u2019int\u00e9grit\u00e9 de la formation ;<\/li>\n\n\n\n<li class=\"has-medium-font-size\">rester proche des \u00e9tudiants, particuli\u00e8rement des plus vuln\u00e9rables ;<\/li>\n\n\n\n<li class=\"has-medium-font-size\">faire de l\u2019universit\u00e9 un espace de recherche, de dialogue et de responsabilit\u00e9 ;<\/li>\n\n\n\n<li class=\"has-medium-font-size\">unir l\u2019exigence acad\u00e9mique au sens du service, et de l\u2019humain ;<\/li>\n\n\n\n<li class=\"has-medium-font-size\">garder le courage d\u2019innover lorsque les besoins de la soci\u00e9t\u00e9 l\u2019exigent ;<\/li>\n\n\n\n<li class=\"has-medium-font-size\">travailler dans la discr\u00e9tion, sans rechercher les honneurs, mais avec la conviction que toute \u0153uvre v\u00e9ritable finit par porter du fruit.<\/li>\n<\/ul>\n\n\n\n<figure class=\"wp-block-image size-large\"><img loading=\"lazy\" decoding=\"async\" width=\"1024\" height=\"576\" src=\"https:\/\/www.oblatcongo.org\/wp-content\/uploads\/2026\/08\/IMG_20260828_093617-1024x576.jpg\" alt=\"\" class=\"wp-image-2963\" srcset=\"https:\/\/www.oblatcongo.org\/wp-content\/uploads\/2026\/08\/IMG_20260828_093617-1024x576.jpg 1024w, https:\/\/www.oblatcongo.org\/wp-content\/uploads\/2026\/08\/IMG_20260828_093617-300x169.jpg 300w, https:\/\/www.oblatcongo.org\/wp-content\/uploads\/2026\/08\/IMG_20260828_093617-768x432.jpg 768w, https:\/\/www.oblatcongo.org\/wp-content\/uploads\/2026\/08\/IMG_20260828_093617-1536x864.jpg 1536w, https:\/\/www.oblatcongo.org\/wp-content\/uploads\/2026\/08\/IMG_20260828_093617-678x381.jpg 678w, https:\/\/www.oblatcongo.org\/wp-content\/uploads\/2026\/08\/IMG_20260828_093617-1320x743.jpg 1320w, https:\/\/www.oblatcongo.org\/wp-content\/uploads\/2026\/08\/IMG_20260828_093617.jpg 1920w\" sizes=\"auto, (max-width: 1024px) 100vw, 1024px\" \/><\/figure>\n\n\n\n<p class=\"has-medium-font-size wp-block-paragraph\"><strong>Hommage final<\/strong><\/p>\n\n\n\n<p class=\"has-medium-font-size wp-block-paragraph\">R\u00e9v\u00e9rend P\u00e8re Professeur Anaclet Dupar Lalhe,<\/p>\n\n\n\n<p class=\"has-medium-font-size wp-block-paragraph\">Vous avez \u00e9t\u00e9 pr\u00eatre, religieux, enseignant, chercheur, tr\u00e9sorier, recteur, b\u00e2tisseur et p\u00e8re pour beaucoup.<\/p>\n\n\n\n<p class=\"has-medium-font-size wp-block-paragraph\">Vous avez servi l\u2019\u00c9glise avec fid\u00e9lit\u00e9.<br>Vous avez servi la jeunesse avec proximit\u00e9.<br>Vous avez servi la recherche avec profondeur.<br>Vous avez servi l\u2019universit\u00e9 avec vision.<br>Vous avez servi la v\u00e9rit\u00e9 avec courage.<\/p>\n\n\n\n<p class=\"has-medium-font-size wp-block-paragraph\">Vous avez port\u00e9, parfois dans le silence et la discr\u00e9tion, la croix d\u2019une \u0153uvre qui n\u2019\u00e9tait pas encore pleinement reconnue. Vous avez accept\u00e9 les incompr\u00e9hensions sans laisser mourir l\u2019esp\u00e9rance. Vous avez pr\u00e9par\u00e9 l\u2019avenir alors que les circonstances semblaient inviter au renoncement.<\/p>\n\n\n\n<p class=\"has-medium-font-size wp-block-paragraph\">Aujourd\u2019hui, nous vous rendons gr\u00e2ce pour votre pr\u00e9sence parmi nous, pour votre travail, pour vos paroles, pour vos exigences, pour vos encouragements et m\u00eame pour vos interpellations, qui nous obligeaient \u00e0 grandir.<\/p>\n\n\n\n<p class=\"has-medium-font-size wp-block-paragraph\">Nous ne vous disons pas adieu comme \u00e0 quelqu\u2019un qui dispara\u00eet totalement. Nous vous confions \u00e0 Dieu, dans l\u2019esp\u00e9rance de la R\u00e9surrection, et nous gardons de vous une dette de reconnaissance.<\/p>\n\n\n\n<p class=\"has-medium-font-size wp-block-paragraph\">Que le Seigneur accueille son serviteur fid\u00e8le dans la lumi\u00e8re de sa pr\u00e9sence.<br>Que saint Eug\u00e8ne de Mazenod, dont vous avez servi la famille religieuse et l\u2019\u0153uvre \u00e9ducative, vous accompagne aupr\u00e8s du P\u00e8re \u00e9ternel.<\/p>\n\n\n\n<p class=\"has-medium-font-size wp-block-paragraph\">Et que l\u2019Universit\u00e9 De Mazenod, pour laquelle vous avez tant donn\u00e9, demeure un t\u00e9moignage vivant de votre foi, de votre intelligence et de votre courage.<\/p>\n\n\n\n<p class=\"has-medium-font-size wp-block-paragraph\"><a><\/a> P\u00e8re Anaclet Dupar Lalhe, O.M.I., reposez dans la paix du Christ.<\/p>\n\n\n\n<p class=\"wp-block-paragraph\"><\/p>\n\n\n\n<figure class=\"wp-block-image size-large\"><img loading=\"lazy\" decoding=\"async\" width=\"1024\" height=\"461\" src=\"https:\/\/www.oblatcongo.org\/wp-content\/uploads\/2026\/08\/IMG_20260828_100242-1024x461.jpg\" alt=\"\" class=\"wp-image-2964\" srcset=\"https:\/\/www.oblatcongo.org\/wp-content\/uploads\/2026\/08\/IMG_20260828_100242-1024x461.jpg 1024w, https:\/\/www.oblatcongo.org\/wp-content\/uploads\/2026\/08\/IMG_20260828_100242-300x135.jpg 300w, https:\/\/www.oblatcongo.org\/wp-content\/uploads\/2026\/08\/IMG_20260828_100242-768x346.jpg 768w, https:\/\/www.oblatcongo.org\/wp-content\/uploads\/2026\/08\/IMG_20260828_100242-1536x691.jpg 1536w, https:\/\/www.oblatcongo.org\/wp-content\/uploads\/2026\/08\/IMG_20260828_100242-2048x922.jpg 2048w, https:\/\/www.oblatcongo.org\/wp-content\/uploads\/2026\/08\/IMG_20260828_100242-1320x594.jpg 1320w\" sizes=\"auto, (max-width: 1024px) 100vw, 1024px\" \/><\/figure>\n\n\n\n<p class=\"wp-block-paragraph\"><\/p>\n\n\n\n<p class=\"has-text-align-right has-small-font-size wp-block-paragraph\">Professeur P\u00e8re Didier MUPAYA Kapiten, OMI<br>Secr\u00e9taire G\u00e9n\u00e9ral Charg\u00e9 de la Recherche<br>Universit\u00e9 De Mazenod, Kinshasa, 28 ao\u00fbt 2026<\/p>\n\n\n\n<p class=\"wp-block-paragraph\"><\/p>\n","protected":false},"excerpt":{"rendered":"<div class=\"mh-excerpt\"><p>Le 28 ao\u00fbt, l&rsquo;Universit\u00e9 de Mazenod de Kinshasa a rendu hommage \u00e0 son ancien recteur, le p\u00e8re Anaclet Dupar. Voici l&rsquo;hommage du secr\u00e9taire g\u00e9n\u00e9ral charg\u00e9 de la recherche, le p\u00e8re Didier Mupaya, peu avant la <a class=\"mh-excerpt-more\" href=\"https:\/\/www.oblatcongo.org\/index.php\/2026\/08\/28\/anaclet-dupar-une-intelligence-silencieuse-et-courageuse-p-didier-mupaya\/\" title=\"Anaclet Dupar, \u00ab\u00a0une intelligence silencieuse et courageuse\u00a0\u00bb (P. Didier Mupaya)\">[Lire plus]<\/a><\/p>\n<\/div>","protected":false},"author":1,"featured_media":2954,"comment_status":"open","ping_status":"open","sticky":false,"template":"","format":"standard","meta":{"advanced_seo_description":"","jetpack_seo_html_title":"Anaclet Dupar, \"une intelligence silencieuse et courageuse\" ","jetpack_seo_noindex":false,"jetpack_seo_schema_type":"","_jetpack_newsletter_access":"","_jetpack_dont_email_post_to_subs":false,"_jetpack_newsletter_tier_id":0,"_jetpack_memberships_contains_paywalled_content":false,"_jetpack_feature_clip_id":0,"_jetpack_memberships_contains_paid_content":false,"footnotes":"","jetpack_post_was_ever_published":false},"categories":[34],"tags":[183,187,188,89],"class_list":["post-2953","post","type-post","status-publish","format-standard","has-post-thumbnail","category-nos-defunts","tag-anaclet-dupar","tag-didier-mupaya","tag-hommage","tag-universite-de-mazenod"],"jetpack_sharing_enabled":true,"jetpack_featured_media_url":"https:\/\/www.oblatcongo.org\/wp-content\/uploads\/2026\/08\/IMG_20260828_085309.jpg","_links":{"self":[{"href":"https:\/\/www.oblatcongo.org\/index.php\/wp-json\/wp\/v2\/posts\/2953","targetHints":{"allow":["GET"]}}],"collection":[{"href":"https:\/\/www.oblatcongo.org\/index.php\/wp-json\/wp\/v2\/posts"}],"about":[{"href":"https:\/\/www.oblatcongo.org\/index.php\/wp-json\/wp\/v2\/types\/post"}],"author":[{"embeddable":true,"href":"https:\/\/www.oblatcongo.org\/index.php\/wp-json\/wp\/v2\/users\/1"}],"replies":[{"embeddable":true,"href":"https:\/\/www.oblatcongo.org\/index.php\/wp-json\/wp\/v2\/comments?post=2953"}],"version-history":[{"count":2,"href":"https:\/\/www.oblatcongo.org\/index.php\/wp-json\/wp\/v2\/posts\/2953\/revisions"}],"predecessor-version":[{"id":2967,"href":"https:\/\/www.oblatcongo.org\/index.php\/wp-json\/wp\/v2\/posts\/2953\/revisions\/2967"}],"wp:featuredmedia":[{"embeddable":true,"href":"https:\/\/www.oblatcongo.org\/index.php\/wp-json\/wp\/v2\/media\/2954"}],"wp:attachment":[{"href":"https:\/\/www.oblatcongo.org\/index.php\/wp-json\/wp\/v2\/media?parent=2953"}],"wp:term":[{"taxonomy":"category","embeddable":true,"href":"https:\/\/www.oblatcongo.org\/index.php\/wp-json\/wp\/v2\/categories?post=2953"},{"taxonomy":"post_tag","embeddable":true,"href":"https:\/\/www.oblatcongo.org\/index.php\/wp-json\/wp\/v2\/tags?post=2953"}],"curies":[{"name":"wp","href":"https:\/\/api.w.org\/{rel}","templated":true}]}}