{"id":2968,"date":"2026-08-09T11:54:24","date_gmt":"2026-08-09T10:54:24","guid":{"rendered":"https:\/\/www.oblatcongo.org\/?p=2968"},"modified":"2026-08-31T12:20:54","modified_gmt":"2026-08-31T11:20:54","slug":"adresse-du-superieur-provincial-des-oblats-au-centenaire-de-la-paroisse-sainte-therese-lenfant-jesus-de-mapangu","status":"publish","type":"post","link":"https:\/\/www.oblatcongo.org\/index.php\/2026\/08\/09\/adresse-du-superieur-provincial-des-oblats-au-centenaire-de-la-paroisse-sainte-therese-lenfant-jesus-de-mapangu\/","title":{"rendered":"Adresse du sup\u00e9rieur provincial des Oblats au centenaire de la paroisse Sainte-Th\u00e9r\u00e8se-l&rsquo;Enfant-J\u00e9sus de Mapangu"},"content":{"rendered":"\n<p class=\"wp-block-paragraph\"><strong>(Mapangu, 09 ao\u00fbt 2026)<\/strong><\/p>\n\n\n\n<p class=\"wp-block-paragraph\"><\/p>\n\n\n\n<ul class=\"wp-block-list\">\n<li class=\"has-medium-font-size\">Excellence, Mgr Jos\u00e9 Moko, \u00e9v\u00eaque d\u2019Idiofa,<\/li>\n\n\n\n<li class=\"has-medium-font-size\">Chers fr\u00e8res et s\u0153urs dans le Christ,<\/li>\n<\/ul>\n\n\n\n<p class=\"has-medium-font-size wp-block-paragraph\">C\u2019est avec une joie profonde et un c\u0153ur plein de reconnaissance que je me tiens aujourd\u2019hui parmi vous, au nom des Missionnaires Oblats de Marie immacul\u00e9e, vaillants missionnaires, dont certains sont enterr\u00e9s en ce lieu en signe d\u2019attachement ind\u00e9fectible \u00e0 leur terre de mission.<\/p>\n\n\n\n<p class=\"has-medium-font-size wp-block-paragraph\">Nous exprimons notre gratitude \u00e0 Son Excellence Monseigneur Jos\u00e9 Moko Ekanga, \u00e9v\u00eaque d\u2019Idiofa, et \u00e0 l\u2019\u00e9quipe organisatrice pour nous avoir invit\u00e9 \u00e0 ce grand \u00e9v\u00e9nement que nous c\u00e9l\u00e9brons aujourd\u2019hui.<\/p>\n\n\n\n<p class=\"has-medium-font-size wp-block-paragraph\">Merci, Monseigneur, pour avoir accept\u00e9 d\u2019ordonner pr\u00eatre notre confr\u00e8re Hugues Ngomboyo, fils de ce doyenn\u00e9 de Mapangu, en signe \u00e9loquent pour le travail missionnaire des Oblats.<\/p>\n\n\n\n<p class=\"has-medium-font-size wp-block-paragraph\">Ensemble, nous sommes r\u00e9unis dans la joie pour c\u00e9l\u00e9brer ce centenaire, remercier le Seigneur qui a jet\u00e9 son regard sur son peuple en lui envoyant des \u00e9missaires de J\u00e9sus-Christ. Les premiers \u00e9taient des missionnaires du C\u0153ur Immacul\u00e9 de Marie, dits Missionnaires de Scheut ou Scheutistes. Le Pr\u00e9fet apostolique du Kasai, en 1926, Mgr Auguste De Clerk, envoya des missionnaires ouvrir la mission de Brabanta (Mapangu). Dix ans plus tard, le Pr\u00e9fet apostolique c\u00e9da la partie extr\u00eame ouest de son territoire aux Missionnaires Oblats de Marie Immacul\u00e9e arriv\u00e9s en 1931 \u00e0 Ipamu, sur un territoire c\u00e9d\u00e9 par les J\u00e9suites.<\/p>\n\n\n\n<p class=\"has-medium-font-size wp-block-paragraph\">Le tout premier pr\u00eatre oblat arriv\u00e9 le 12 juillet 1931 \u00e0 Ipamu \u00e0 l\u2019\u00e2ge de 38 ans fut le p\u00e8re belge Eudore Hubert. Il est venu seul du Basutoland, l\u2019actuel Lesotho, avant d\u2019\u00eatre rejoint la m\u00eame ann\u00e9e 1931 par 3 autres confr\u00e8res. Ce pionnier missionnaire oblat repose dans un cimeti\u00e8re \u00e0 quelques m\u00e8tres de l\u2019endroit o\u00f9 je me tiens maintenant. (Gardons quelques instants de silence \u00e0 leur m\u00e9moire).<\/p>\n\n\n\n<p class=\"has-medium-font-size wp-block-paragraph\">Je demande aux Oblats pr\u00e9sents de se retrouver avec moi apr\u00e8s la messe pour quelques moments de pri\u00e8re sur la tombe de nos confr\u00e8res\u2026<\/p>\n\n\n\n<p class=\"has-medium-font-size wp-block-paragraph\">Le p\u00e8re Eudore Hubert a \u00e9t\u00e9 cur\u00e9 de la paroisse Sainte Th\u00e9r\u00e8se de Mapangu. Il est mort \u00e0 Mapangu \u00e0 69 ans, le 25 ao\u00fbt 1962. Et il repose dans le cimeti\u00e8re avec trois autres confr\u00e8res sont morts dans un accident de route le vendredi 11 ao\u00fbt 1961 \u00e0 Kumipere, pr\u00e8s de Mapangu. Ce sont les p\u00e8res Jean-Marie Wart, Jules Koen et Abel Pisvin. Les trois. Physiquement, donc, les Oblats ont quitt\u00e9 le service pastoral de Mapangu, mais ils y sont toujours. Le p\u00e8re L\u00e9on De Visscher, par exemple, s\u2019est pr\u00e9par\u00e9 longtemps pour venir c\u00e9l\u00e9brer ce moment inoubliable. Mais le voil\u00e0 retenu loin d\u2019ici par la maladie\u2026<\/p>\n\n\n\n<p class=\"has-medium-font-size wp-block-paragraph\">Aujourd\u2019hui, les Oblats de la Province du Congo (RDC et Angola) sont heureux d\u2019\u00eatre t\u00e9moins vivants du centenaire de cette paroisse. Nous avons re\u00e7u des Missionnaires de Scheut le flambeau de l\u2019\u00e9vang\u00e9lisation. Nous l\u2019avons gard\u00e9 jalousement afin de le transmettre \u00e0 notre tour au clerg\u00e9 dioc\u00e9sain qui, \u00e0 son tour, continue de prot\u00e9ger ce flambeau qui fait que nous puissions encore revenir ici pour cette action de gr\u00e2ce du centenaire de l\u2019\u00e9vang\u00e9lisation.<\/p>\n\n\n\n<p class=\"has-medium-font-size wp-block-paragraph\">Excellence,<\/p>\n\n\n\n<p class=\"has-medium-font-size wp-block-paragraph\">Chers fr\u00e8res et s\u0153urs,<\/p>\n\n\n\n<p class=\"has-medium-font-size wp-block-paragraph\">Voil\u00e0 cent ans que la bont\u00e9 de Dieu a sem\u00e9 sa Parole, a suscit\u00e9 des vies en \u00c9glise et a fait na\u00eetre des familles chr\u00e9tiennes. En venant semer l\u2019\u00c9vangile ici, nos fr\u00e8res et s\u0153urs d\u2019autrefois ont trac\u00e9 pour nous un chemin de foi. Rendons gr\u00e2ce pour ce don, et pour tous ceux et celles qui, par leur service humble et pers\u00e9v\u00e9rant, ont permis que l\u2019\u00c9vangile prenne chair dans vos vies&nbsp;: missionnaires, cat\u00e9chistes, enseignants, agents de sant\u00e9, et tant d\u2019autres serviteurs anonymes. Leur fid\u00e9lit\u00e9 nous engage aujourd\u2019hui \u00e0 poursuivre le m\u00eame service, avec le m\u00eame esprit d\u2019abandon et de confiance.<\/p>\n\n\n\n<p class=\"has-medium-font-size wp-block-paragraph\">Un centenaire, c\u2019est d\u2019abord un souvenir vivant. Il nous rappelle les difficult\u00e9s travers\u00e9es mais il nous rappelle surtout la fid\u00e9lit\u00e9 de Dieu qui n\u2019a jamais abandonn\u00e9 son peuple. \u00c0 Mapangu, la foi s\u2019est enracin\u00e9e dans vos cultures, dans vos langues, dans vos gestes quotidiens.<\/p>\n\n\n\n<p class=\"has-medium-font-size wp-block-paragraph\">Aujourd\u2019hui, nous c\u00e9l\u00e9brons le pass\u00e9 pour rena\u00eetre \u00e0 la mission \u00e9vang\u00e9lisatrice de demain. L\u2019\u00c9glise est vivante, appel\u00e9e \u00e0 annoncer encore la Bonne Nouvelle aux c\u0153urs bless\u00e9s, aux familles qui peinent, aux jeunes qui cherchent un sens.<\/p>\n\n\n\n<p class=\"has-medium-font-size wp-block-paragraph\">Fr\u00e8res et s\u0153urs, priez pour vos pasteurs, soutenez vos \u00e9coles et centres de sant\u00e9, engagez-vous dans la cat\u00e9ch\u00e8se et dans les \u0153uvres sociales.<\/p>\n\n\n\n<p class=\"has-medium-font-size wp-block-paragraph\">Tous, croyons-en la promesse du Christ : <em>\u00ab Je suis avec vous tous les jours, jusqu\u2019\u00e0 la fin du monde \u00bb<\/em> (Mt 28,20). Que la Vierge Marie, M\u00e8re de mis\u00e9ricorde, prot\u00e8ge les familles de Mapangu, et que l\u2019intercession de Sainte Th\u00e9r\u00e8se et des bienheureux qui ont construit cette \u00c9glise nous accompagne&nbsp;!<\/p>\n\n\n\n<p class=\"has-medium-font-size wp-block-paragraph\">Lou\u00e9 soit J\u00e9sus-Christ et Marie Immacul\u00e9e&nbsp;!<\/p>\n\n\n\n<p class=\"has-medium-font-size wp-block-paragraph\">Je vous remercie.<\/p>\n\n\n\n<p class=\"has-text-align-right wp-block-paragraph\">P. Constant Kienge-Kienge, o.m.i.<\/p>\n\n\n\n<p class=\"has-text-align-right wp-block-paragraph\">Sup\u00e9rieur provicial<\/p>\n","protected":false},"excerpt":{"rendered":"<div class=\"mh-excerpt\"><p>(Mapangu, 09 ao\u00fbt 2026) C\u2019est avec une joie profonde et un c\u0153ur plein de reconnaissance que je me tiens aujourd\u2019hui parmi vous, au nom des Missionnaires Oblats de Marie immacul\u00e9e, vaillants missionnaires, dont certains sont <a class=\"mh-excerpt-more\" href=\"https:\/\/www.oblatcongo.org\/index.php\/2026\/08\/09\/adresse-du-superieur-provincial-des-oblats-au-centenaire-de-la-paroisse-sainte-therese-lenfant-jesus-de-mapangu\/\" title=\"Adresse du sup\u00e9rieur provincial des Oblats au centenaire de la paroisse Sainte-Th\u00e9r\u00e8se-l&rsquo;Enfant-J\u00e9sus de Mapangu\">[Lire plus]<\/a><\/p>\n<\/div>","protected":false},"author":1,"featured_media":2969,"comment_status":"open","ping_status":"open","sticky":false,"template":"","format":"standard","meta":{"advanced_seo_description":"","jetpack_seo_html_title":"","jetpack_seo_noindex":false,"jetpack_seo_schema_type":"","_jetpack_newsletter_access":"","_jetpack_dont_email_post_to_subs":false,"_jetpack_newsletter_tier_id":0,"_jetpack_memberships_contains_paywalled_content":false,"_jetpack_feature_clip_id":0,"_jetpack_memberships_contains_paid_content":false,"footnotes":"","jetpack_post_was_ever_published":false},"categories":[35,25],"tags":[190,66,131],"class_list":["post-2968","post","type-post","status-publish","format-standard","has-post-thumbnail","category-actualite","category-administration","tag-centenaire","tag-idiofa","tag-mapangu"],"jetpack_sharing_enabled":true,"jetpack_featured_media_url":"https:\/\/www.oblatcongo.org\/wp-content\/uploads\/2026\/08\/1003316051.jpg","_links":{"self":[{"href":"https:\/\/www.oblatcongo.org\/index.php\/wp-json\/wp\/v2\/posts\/2968","targetHints":{"allow":["GET"]}}],"collection":[{"href":"https:\/\/www.oblatcongo.org\/index.php\/wp-json\/wp\/v2\/posts"}],"about":[{"href":"https:\/\/www.oblatcongo.org\/index.php\/wp-json\/wp\/v2\/types\/post"}],"author":[{"embeddable":true,"href":"https:\/\/www.oblatcongo.org\/index.php\/wp-json\/wp\/v2\/users\/1"}],"replies":[{"embeddable":true,"href":"https:\/\/www.oblatcongo.org\/index.php\/wp-json\/wp\/v2\/comments?post=2968"}],"version-history":[{"count":1,"href":"https:\/\/www.oblatcongo.org\/index.php\/wp-json\/wp\/v2\/posts\/2968\/revisions"}],"predecessor-version":[{"id":2970,"href":"https:\/\/www.oblatcongo.org\/index.php\/wp-json\/wp\/v2\/posts\/2968\/revisions\/2970"}],"wp:featuredmedia":[{"embeddable":true,"href":"https:\/\/www.oblatcongo.org\/index.php\/wp-json\/wp\/v2\/media\/2969"}],"wp:attachment":[{"href":"https:\/\/www.oblatcongo.org\/index.php\/wp-json\/wp\/v2\/media?parent=2968"}],"wp:term":[{"taxonomy":"category","embeddable":true,"href":"https:\/\/www.oblatcongo.org\/index.php\/wp-json\/wp\/v2\/categories?post=2968"},{"taxonomy":"post_tag","embeddable":true,"href":"https:\/\/www.oblatcongo.org\/index.php\/wp-json\/wp\/v2\/tags?post=2968"}],"curies":[{"name":"wp","href":"https:\/\/api.w.org\/{rel}","templated":true}]}}