{"id":3071,"date":"2026-08-16T10:33:38","date_gmt":"2026-08-16T09:33:38","guid":{"rendered":"https:\/\/www.oblatcongo.org\/?p=3071"},"modified":"2026-09-04T12:00:04","modified_gmt":"2026-09-04T11:00:04","slug":"les-oblats-salues-par-leveque-didiofa-au-centenaire-de-mwilambongo","status":"publish","type":"post","link":"https:\/\/www.oblatcongo.org\/index.php\/2026\/08\/16\/les-oblats-salues-par-leveque-didiofa-au-centenaire-de-mwilambongo\/","title":{"rendered":"Les Oblats salu\u00e9s par l\u2019\u00e9v\u00eaque d\u2019Idiofa au centenaire de Mwilambongo"},"content":{"rendered":"\n<p class=\"wp-block-paragraph\"><\/p>\n\n\n\n<p class=\"has-medium-font-size wp-block-paragraph\">Les missionnaires oblats ont \u00e9t\u00e9 au centre de l\u2019hom\u00e9lie de Monseigneur Joseph Moko, \u00e9v\u00eaque d\u2019Idiofa, lors de la messe du centenaire de la paroisse Sainte-Th\u00e9r\u00e8se-de-l\u2019Enfant-J\u00e9sus de Mwilambongo, c\u00e9l\u00e9br\u00e9e le dimanche de l\u2019Assomption, 16 ao\u00fbt 2026. L\u2019\u00e9v\u00eaque leur a exprim\u00e9 la reconnaissance du dioc\u00e8se pour leur \u0153uvre missionnaire et les a exhort\u00e9s \u00e0 demeurer debout, fid\u00e8les \u00e0 l\u2019h\u00e9ritage de leurs pr\u00e9d\u00e9cesseurs.<\/p>\n\n\n\n<figure class=\"wp-block-image size-full\"><img loading=\"lazy\" decoding=\"async\" width=\"540\" height=\"304\" src=\"https:\/\/www.oblatcongo.org\/wp-content\/uploads\/2026\/09\/1003317247-1.jpg\" alt=\"\" class=\"wp-image-3074\" srcset=\"https:\/\/www.oblatcongo.org\/wp-content\/uploads\/2026\/09\/1003317247-1.jpg 540w, https:\/\/www.oblatcongo.org\/wp-content\/uploads\/2026\/09\/1003317247-1-300x169.jpg 300w\" sizes=\"auto, (max-width: 540px) 100vw, 540px\" \/><\/figure>\n\n\n\n<p class=\"has-medium-font-size wp-block-paragraph\">Monseigneur Moko a invit\u00e9 le sup\u00e9rieur provincial des missionnaires oblats et ses confr\u00e8res \u00e0 poursuivre leur mission avec courage, en restant dignes de ceux qui les ont pr\u00e9c\u00e9d\u00e9s. Reprenant une formule ch\u00e8re aux Oblats, il leur a lanc\u00e9 cet appel : \u00ab Oser grand comme le monde \u00bb.<\/p>\n\n\n\n<figure class=\"wp-block-image size-large\"><img loading=\"lazy\" decoding=\"async\" width=\"1024\" height=\"461\" src=\"https:\/\/www.oblatcongo.org\/wp-content\/uploads\/2026\/09\/IMG_20260816_093750-1024x461.jpg\" alt=\"\" class=\"wp-image-3077\" srcset=\"https:\/\/www.oblatcongo.org\/wp-content\/uploads\/2026\/09\/IMG_20260816_093750-1024x461.jpg 1024w, https:\/\/www.oblatcongo.org\/wp-content\/uploads\/2026\/09\/IMG_20260816_093750-300x135.jpg 300w, https:\/\/www.oblatcongo.org\/wp-content\/uploads\/2026\/09\/IMG_20260816_093750-768x346.jpg 768w, https:\/\/www.oblatcongo.org\/wp-content\/uploads\/2026\/09\/IMG_20260816_093750-1536x691.jpg 1536w, https:\/\/www.oblatcongo.org\/wp-content\/uploads\/2026\/09\/IMG_20260816_093750-2048x922.jpg 2048w, https:\/\/www.oblatcongo.org\/wp-content\/uploads\/2026\/09\/IMG_20260816_093750-1320x594.jpg 1320w\" sizes=\"auto, (max-width: 1024px) 100vw, 1024px\" \/><\/figure>\n\n\n\n<p class=\"has-medium-font-size wp-block-paragraph\">L\u2019\u00e9v\u00eaque d\u2019Idiofa a \u00e9galement salu\u00e9 la sup\u00e9rieure provinciale des S\u0153urs sal\u00e9siennes de la Visitation et ses cons\u0153urs, associ\u00e9es \u00e0 cette \u0153uvre pastorale. \u00c0 travers son hom\u00e9lie, il a rappel\u00e9 aux missionnaires et aux fid\u00e8les que l\u2019\u00e9vang\u00e9lisation re\u00e7ue des anciens doit se prolonger dans la fid\u00e9lit\u00e9, la responsabilit\u00e9 et le t\u00e9moignage.<\/p>\n\n\n\n<figure class=\"wp-block-image size-large\"><img loading=\"lazy\" decoding=\"async\" width=\"1024\" height=\"576\" src=\"https:\/\/www.oblatcongo.org\/wp-content\/uploads\/2026\/09\/IMG_20260816_090301-1024x576.jpg\" alt=\"\" class=\"wp-image-3076\" srcset=\"https:\/\/www.oblatcongo.org\/wp-content\/uploads\/2026\/09\/IMG_20260816_090301-1024x576.jpg 1024w, https:\/\/www.oblatcongo.org\/wp-content\/uploads\/2026\/09\/IMG_20260816_090301-300x169.jpg 300w, https:\/\/www.oblatcongo.org\/wp-content\/uploads\/2026\/09\/IMG_20260816_090301-768x432.jpg 768w, https:\/\/www.oblatcongo.org\/wp-content\/uploads\/2026\/09\/IMG_20260816_090301-1536x864.jpg 1536w, https:\/\/www.oblatcongo.org\/wp-content\/uploads\/2026\/09\/IMG_20260816_090301-678x381.jpg 678w, https:\/\/www.oblatcongo.org\/wp-content\/uploads\/2026\/09\/IMG_20260816_090301-1320x743.jpg 1320w, https:\/\/www.oblatcongo.org\/wp-content\/uploads\/2026\/09\/IMG_20260816_090301.jpg 1920w\" sizes=\"auto, (max-width: 1024px) 100vw, 1024px\" \/><\/figure>\n\n\n\n<p class=\"has-medium-font-size wp-block-paragraph\">Monseigneur Joseph Moko a enfin rappel\u00e9 les quatre \u00ab roues \u00bb de l\u2019action \u00e9vang\u00e9lisatrice h\u00e9rit\u00e9e des anciens : l\u2019\u00c9glise, l\u2019\u00e9cole, la sant\u00e9 et le d\u00e9veloppement social. Il a invit\u00e9 l\u2019assembl\u00e9e \u00e0 se confier \u00e0 l\u2019exemple et \u00e0 l\u2019intercession de la Vierge Marie, afin de r\u00e9sister au d\u00e9couragement, \u00e0 la peur et \u00e0 tout ce qui freine le t\u00e9moignage chr\u00e9tien.<\/p>\n\n\n\n<figure class=\"wp-block-image size-large\"><img loading=\"lazy\" decoding=\"async\" width=\"1024\" height=\"576\" src=\"https:\/\/www.oblatcongo.org\/wp-content\/uploads\/2026\/09\/IMG_20260816_104318-1024x576.jpg\" alt=\"\" class=\"wp-image-3075\" srcset=\"https:\/\/www.oblatcongo.org\/wp-content\/uploads\/2026\/09\/IMG_20260816_104318-1024x576.jpg 1024w, https:\/\/www.oblatcongo.org\/wp-content\/uploads\/2026\/09\/IMG_20260816_104318-300x169.jpg 300w, https:\/\/www.oblatcongo.org\/wp-content\/uploads\/2026\/09\/IMG_20260816_104318-768x432.jpg 768w, https:\/\/www.oblatcongo.org\/wp-content\/uploads\/2026\/09\/IMG_20260816_104318-1536x864.jpg 1536w, https:\/\/www.oblatcongo.org\/wp-content\/uploads\/2026\/09\/IMG_20260816_104318-678x381.jpg 678w, https:\/\/www.oblatcongo.org\/wp-content\/uploads\/2026\/09\/IMG_20260816_104318-1320x743.jpg 1320w, https:\/\/www.oblatcongo.org\/wp-content\/uploads\/2026\/09\/IMG_20260816_104318.jpg 1920w\" sizes=\"auto, (max-width: 1024px) 100vw, 1024px\" \/><\/figure>\n\n\n\n<p class=\"wp-block-paragraph\"><\/p>\n","protected":false},"excerpt":{"rendered":"<div class=\"mh-excerpt\"><p>Les missionnaires oblats ont \u00e9t\u00e9 au centre de l\u2019hom\u00e9lie de Monseigneur Joseph Moko, \u00e9v\u00eaque d\u2019Idiofa, lors de la messe du centenaire de la paroisse Sainte-Th\u00e9r\u00e8se-de-l\u2019Enfant-J\u00e9sus de Mwilambongo, c\u00e9l\u00e9br\u00e9e le dimanche de l\u2019Assomption, 16 ao\u00fbt 2026. <a class=\"mh-excerpt-more\" href=\"https:\/\/www.oblatcongo.org\/index.php\/2026\/08\/16\/les-oblats-salues-par-leveque-didiofa-au-centenaire-de-mwilambongo\/\" title=\"Les Oblats salu\u00e9s par l\u2019\u00e9v\u00eaque d\u2019Idiofa au centenaire de Mwilambongo\">[Lire plus]<\/a><\/p>\n<\/div>","protected":false},"author":1,"featured_media":3073,"comment_status":"open","ping_status":"open","sticky":false,"template":"","format":"standard","meta":{"advanced_seo_description":"","jetpack_seo_html_title":"","jetpack_seo_noindex":false,"jetpack_seo_schema_type":"","_jetpack_newsletter_access":"","_jetpack_dont_email_post_to_subs":false,"_jetpack_newsletter_tier_id":0,"_jetpack_memberships_contains_paywalled_content":false,"_jetpack_feature_clip_id":0,"_jetpack_memberships_contains_paid_content":false,"footnotes":"","jetpack_post_was_ever_published":false},"categories":[25,191,33],"tags":[28,193,192],"class_list":["post-3071","post","type-post","status-publish","format-standard","has-post-thumbnail","category-administration","category-histoire","category-paroisses","tag-constant-kienge-kienge","tag-mgr-moko","tag-mwilambongo"],"jetpack_sharing_enabled":true,"jetpack_featured_media_url":"https:\/\/www.oblatcongo.org\/wp-content\/uploads\/2026\/09\/IMG_20260816_123840.jpg","_links":{"self":[{"href":"https:\/\/www.oblatcongo.org\/index.php\/wp-json\/wp\/v2\/posts\/3071","targetHints":{"allow":["GET"]}}],"collection":[{"href":"https:\/\/www.oblatcongo.org\/index.php\/wp-json\/wp\/v2\/posts"}],"about":[{"href":"https:\/\/www.oblatcongo.org\/index.php\/wp-json\/wp\/v2\/types\/post"}],"author":[{"embeddable":true,"href":"https:\/\/www.oblatcongo.org\/index.php\/wp-json\/wp\/v2\/users\/1"}],"replies":[{"embeddable":true,"href":"https:\/\/www.oblatcongo.org\/index.php\/wp-json\/wp\/v2\/comments?post=3071"}],"version-history":[{"count":1,"href":"https:\/\/www.oblatcongo.org\/index.php\/wp-json\/wp\/v2\/posts\/3071\/revisions"}],"predecessor-version":[{"id":3078,"href":"https:\/\/www.oblatcongo.org\/index.php\/wp-json\/wp\/v2\/posts\/3071\/revisions\/3078"}],"wp:featuredmedia":[{"embeddable":true,"href":"https:\/\/www.oblatcongo.org\/index.php\/wp-json\/wp\/v2\/media\/3073"}],"wp:attachment":[{"href":"https:\/\/www.oblatcongo.org\/index.php\/wp-json\/wp\/v2\/media?parent=3071"}],"wp:term":[{"taxonomy":"category","embeddable":true,"href":"https:\/\/www.oblatcongo.org\/index.php\/wp-json\/wp\/v2\/categories?post=3071"},{"taxonomy":"post_tag","embeddable":true,"href":"https:\/\/www.oblatcongo.org\/index.php\/wp-json\/wp\/v2\/tags?post=3071"}],"curies":[{"name":"wp","href":"https:\/\/api.w.org\/{rel}","templated":true}]}}