{"id":482,"date":"2024-07-02T10:50:13","date_gmt":"2024-07-02T09:50:13","guid":{"rendered":"https:\/\/www.oblatcongo.org\/?p=482"},"modified":"2024-07-02T10:51:36","modified_gmt":"2024-07-02T09:51:36","slug":"le-frere-oblat-dieudonne-mbiki-devient-medecin","status":"publish","type":"post","link":"https:\/\/www.oblatcongo.org\/index.php\/2024\/07\/02\/le-frere-oblat-dieudonne-mbiki-devient-medecin\/","title":{"rendered":"Le fr\u00e8re oblat Dieudonn\u00e9 Mbiki devient m\u00e9decin"},"content":{"rendered":"\n<blockquote class=\"wp-block-quote is-layout-flow wp-block-quote-is-layout-flow\">\n<p><\/p>\n<cite>Le fr\u00e8re Dieudonn\u00e9 Mbiki a pr\u00eat\u00e9 serment le lundi 1er juillet. Le sup\u00e9rieur provincial Constant Kienge-Kienge l&rsquo;a f\u00e9licit\u00e9. Et la f\u00eate a \u00e9t\u00e9 c\u00e9l\u00e9br\u00e9 au scolasticat saint Eug\u00e8ne de Mazenod de Kinshasa-Kintambo. Timoth\u00e9e Bunkatu t\u00e9moigne.<\/cite><\/blockquote>\n\n\n\n<p class=\"has-medium-font-size\">C&rsquo;est autour de 09 h 30 que le fr\u00e8re Dieudonn\u00e9 Mbiki sortait des murs du scolasticat saint Eug\u00e8ne de Mazenod, o\u00f9 il r\u00e9side depuis pr\u00e8s de 2 mois, pour se rendre \u00e0 l&rsquo;Institut National Pilote d&rsquo;Enseignement des Sciences de Sant\u00e9 (INPESS), pour sa prestation de serment comme m\u00e9decin.<\/p>\n\n\n\n<figure class=\"wp-block-image size-large\"><img loading=\"lazy\" decoding=\"async\" width=\"768\" height=\"1024\" src=\"https:\/\/www.oblatcongo.org\/wp-content\/uploads\/2024\/07\/WhatsApp-Image-2024-07-01-a-20.49.32_93223b40-768x1024.jpg\" alt=\"\" class=\"wp-image-478\" srcset=\"https:\/\/www.oblatcongo.org\/wp-content\/uploads\/2024\/07\/WhatsApp-Image-2024-07-01-a-20.49.32_93223b40-768x1024.jpg 768w, https:\/\/www.oblatcongo.org\/wp-content\/uploads\/2024\/07\/WhatsApp-Image-2024-07-01-a-20.49.32_93223b40-225x300.jpg 225w, https:\/\/www.oblatcongo.org\/wp-content\/uploads\/2024\/07\/WhatsApp-Image-2024-07-01-a-20.49.32_93223b40.jpg 810w\" sizes=\"auto, (max-width: 768px) 100vw, 768px\" \/><\/figure>\n\n\n\n<p class=\"has-medium-font-size\">La route \u00e9tant d\u00e9gag\u00e9e, c&rsquo;est au bout de 30 minutes que le fr\u00e8re Mbiki, en compagnie du sup\u00e9rieur du scolasticat, le p\u00e8re Gabriel Matakumba, qui est son coll\u00e8gue de promotion de noviciat, franchissait la barri\u00e8re dudit institut.<br>Relativement au programme initial, la c\u00e9r\u00e9monie, pr\u00e9sid\u00e9e par le pr\u00e9sident national de l\u2019ordre des m\u00e9decins, a commenc\u00e9  \u00e0 13 h 30.<br>Au total, 500 m\u00e9decins ont pr\u00eat\u00e9 serment \u00e0 huit-clos. C&rsquo;est dans une ambiance indescriptible que toutes les familles ayant accompagn\u00e9 les leurs attendaient dehors les nouveaux m\u00e9decins.<br>Aux oblats pr\u00e9sents, la famille biologique du fr\u00e8re s&rsquo;\u00e9tait associ\u00e9e.<br>C&rsquo;est apr\u00e8s presque 4h, soit \u00e0 17 h 00 que le cort\u00e8ge du m\u00e9decin Dieudonn\u00e9 Mbiki quittait les murs de l&rsquo;Institut pour regagner le scolasticat saint Eug\u00e8ne de Mazenod.<\/p>\n\n\n\n<figure class=\"wp-block-image size-large\"><img loading=\"lazy\" decoding=\"async\" width=\"1024\" height=\"768\" src=\"https:\/\/www.oblatcongo.org\/wp-content\/uploads\/2024\/07\/WhatsApp-Image-2024-07-01-a-20.49.32_c3c95314-1024x768.jpg\" alt=\"\" class=\"wp-image-479\" srcset=\"https:\/\/www.oblatcongo.org\/wp-content\/uploads\/2024\/07\/WhatsApp-Image-2024-07-01-a-20.49.32_c3c95314-1024x768.jpg 1024w, https:\/\/www.oblatcongo.org\/wp-content\/uploads\/2024\/07\/WhatsApp-Image-2024-07-01-a-20.49.32_c3c95314-300x225.jpg 300w, https:\/\/www.oblatcongo.org\/wp-content\/uploads\/2024\/07\/WhatsApp-Image-2024-07-01-a-20.49.32_c3c95314-768x576.jpg 768w, https:\/\/www.oblatcongo.org\/wp-content\/uploads\/2024\/07\/WhatsApp-Image-2024-07-01-a-20.49.32_c3c95314-678x509.jpg 678w, https:\/\/www.oblatcongo.org\/wp-content\/uploads\/2024\/07\/WhatsApp-Image-2024-07-01-a-20.49.32_c3c95314-326x245.jpg 326w, https:\/\/www.oblatcongo.org\/wp-content\/uploads\/2024\/07\/WhatsApp-Image-2024-07-01-a-20.49.32_c3c95314-80x60.jpg 80w, https:\/\/www.oblatcongo.org\/wp-content\/uploads\/2024\/07\/WhatsApp-Image-2024-07-01-a-20.49.32_c3c95314.jpg 1080w\" sizes=\"auto, (max-width: 1024px) 100vw, 1024px\" \/><\/figure>\n\n\n\n<p class=\"has-medium-font-size\">Au scolasticat, le p\u00e8re sup\u00e9rieur provincial, Constant Kienge-Kienge, et d\u2019autres confr\u00e8res ont chaleureusement f\u00e9licit\u00e9 le fr\u00e8re Dieudonn\u00e9 Mbiki.<br>Pour marquer la journ\u00e9e de fa\u00e7on particuli\u00e8re, un verre d\u2019amiti\u00e9 a \u00e9t\u00e9 partag\u00e9 dans le r\u00e9fectoire de&nbsp;la&nbsp;communaut\u00e9.<\/p>\n\n\n\n<figure class=\"wp-block-image size-large\"><img loading=\"lazy\" decoding=\"async\" width=\"1024\" height=\"768\" src=\"https:\/\/www.oblatcongo.org\/wp-content\/uploads\/2024\/07\/WhatsApp-Image-2024-07-01-a-20.49.32_4c3b7eb4-1024x768.jpg\" alt=\"\" class=\"wp-image-477\" srcset=\"https:\/\/www.oblatcongo.org\/wp-content\/uploads\/2024\/07\/WhatsApp-Image-2024-07-01-a-20.49.32_4c3b7eb4-1024x768.jpg 1024w, https:\/\/www.oblatcongo.org\/wp-content\/uploads\/2024\/07\/WhatsApp-Image-2024-07-01-a-20.49.32_4c3b7eb4-300x225.jpg 300w, https:\/\/www.oblatcongo.org\/wp-content\/uploads\/2024\/07\/WhatsApp-Image-2024-07-01-a-20.49.32_4c3b7eb4-768x576.jpg 768w, https:\/\/www.oblatcongo.org\/wp-content\/uploads\/2024\/07\/WhatsApp-Image-2024-07-01-a-20.49.32_4c3b7eb4-678x509.jpg 678w, https:\/\/www.oblatcongo.org\/wp-content\/uploads\/2024\/07\/WhatsApp-Image-2024-07-01-a-20.49.32_4c3b7eb4-326x245.jpg 326w, https:\/\/www.oblatcongo.org\/wp-content\/uploads\/2024\/07\/WhatsApp-Image-2024-07-01-a-20.49.32_4c3b7eb4-80x60.jpg 80w, https:\/\/www.oblatcongo.org\/wp-content\/uploads\/2024\/07\/WhatsApp-Image-2024-07-01-a-20.49.32_4c3b7eb4.jpg 1080w\" sizes=\"auto, (max-width: 1024px) 100vw, 1024px\" \/><\/figure>\n\n\n\n<p class=\"has-text-align-right\">Timoth\u00e9e Bunkatu <\/p>\n","protected":false},"excerpt":{"rendered":"<div class=\"mh-excerpt\"><p>Le fr\u00e8re Dieudonn\u00e9 Mbiki a pr\u00eat\u00e9 serment le lundi 1er juillet. Le sup\u00e9rieur provincial Constant Kienge-Kienge l&rsquo;a f\u00e9licit\u00e9. Et la f\u00eate a \u00e9t\u00e9 c\u00e9l\u00e9br\u00e9 au scolasticat saint Eug\u00e8ne de Mazenod de Kinshasa-Kintambo. Timoth\u00e9e Bunkatu t\u00e9moigne. <a class=\"mh-excerpt-more\" href=\"https:\/\/www.oblatcongo.org\/index.php\/2024\/07\/02\/le-frere-oblat-dieudonne-mbiki-devient-medecin\/\" title=\"Le fr\u00e8re oblat Dieudonn\u00e9 Mbiki devient m\u00e9decin\">[Lire plus]<\/a><\/p>\n<\/div>","protected":false},"author":1,"featured_media":480,"comment_status":"open","ping_status":"open","sticky":false,"template":"","format":"standard","meta":{"jetpack_post_was_ever_published":false,"_jetpack_newsletter_access":"","_jetpack_dont_email_post_to_subs":false,"_jetpack_newsletter_tier_id":0,"_jetpack_memberships_contains_paywalled_content":false,"_jetpack_memberships_contains_paid_content":false,"footnotes":""},"categories":[35,32],"tags":[79,80],"class_list":{"0":"post-482","1":"post","2":"type-post","3":"status-publish","4":"format-standard","5":"has-post-thumbnail","7":"category-actualite","8":"category-formation","9":"tag-dieudonne-mbiki","10":"tag-sante"},"jetpack_featured_media_url":"https:\/\/www.oblatcongo.org\/wp-content\/uploads\/2024\/07\/WhatsApp-Image-2024-07-01-a-20.49.32_d74940e2.jpg","jetpack_sharing_enabled":true,"_links":{"self":[{"href":"https:\/\/www.oblatcongo.org\/index.php\/wp-json\/wp\/v2\/posts\/482","targetHints":{"allow":["GET"]}}],"collection":[{"href":"https:\/\/www.oblatcongo.org\/index.php\/wp-json\/wp\/v2\/posts"}],"about":[{"href":"https:\/\/www.oblatcongo.org\/index.php\/wp-json\/wp\/v2\/types\/post"}],"author":[{"embeddable":true,"href":"https:\/\/www.oblatcongo.org\/index.php\/wp-json\/wp\/v2\/users\/1"}],"replies":[{"embeddable":true,"href":"https:\/\/www.oblatcongo.org\/index.php\/wp-json\/wp\/v2\/comments?post=482"}],"version-history":[{"count":2,"href":"https:\/\/www.oblatcongo.org\/index.php\/wp-json\/wp\/v2\/posts\/482\/revisions"}],"predecessor-version":[{"id":484,"href":"https:\/\/www.oblatcongo.org\/index.php\/wp-json\/wp\/v2\/posts\/482\/revisions\/484"}],"wp:featuredmedia":[{"embeddable":true,"href":"https:\/\/www.oblatcongo.org\/index.php\/wp-json\/wp\/v2\/media\/480"}],"wp:attachment":[{"href":"https:\/\/www.oblatcongo.org\/index.php\/wp-json\/wp\/v2\/media?parent=482"}],"wp:term":[{"taxonomy":"category","embeddable":true,"href":"https:\/\/www.oblatcongo.org\/index.php\/wp-json\/wp\/v2\/categories?post=482"},{"taxonomy":"post_tag","embeddable":true,"href":"https:\/\/www.oblatcongo.org\/index.php\/wp-json\/wp\/v2\/tags?post=482"}],"curies":[{"name":"wp","href":"https:\/\/api.w.org\/{rel}","templated":true}]}}