{"id":525,"date":"2024-07-14T18:10:51","date_gmt":"2024-07-14T17:10:51","guid":{"rendered":"https:\/\/www.oblatcongo.org\/?p=525"},"modified":"2024-07-21T18:42:32","modified_gmt":"2024-07-21T17:42:32","slug":"cloture-de-lannee-academique-a-linstitut-theologique-saint-eugene-de-mazenod","status":"publish","type":"post","link":"https:\/\/www.oblatcongo.org\/index.php\/2024\/07\/14\/cloture-de-lannee-academique-a-linstitut-theologique-saint-eugene-de-mazenod\/","title":{"rendered":"Remise de dipl\u00f4mes de th\u00e9ologie \u00e0 l&rsquo;Universit\u00e9 De Mazenod de Kinshasa"},"content":{"rendered":"\n<p class=\"has-medium-font-size\">Six religieuses comptaient parmi les trente-cinq bacheliers en th\u00e9ologie proclam\u00e9s le samedi 13 juillet \u00e0 la cl\u00f4ture officielle de l&rsquo;ann\u00e9e acad\u00e9mique \u00e0 l&rsquo;Universit\u00e9 De Mazenod de Kinshasa. <\/p>\n\n\n\n<figure class=\"wp-block-image size-large\"><img loading=\"lazy\" decoding=\"async\" width=\"1024\" height=\"578\" src=\"https:\/\/www.oblatcongo.org\/wp-content\/uploads\/2024\/07\/IMG_20240713_123518-1024x578.jpg\" alt=\"\" class=\"wp-image-527\" srcset=\"https:\/\/www.oblatcongo.org\/wp-content\/uploads\/2024\/07\/IMG_20240713_123518-1024x578.jpg 1024w, https:\/\/www.oblatcongo.org\/wp-content\/uploads\/2024\/07\/IMG_20240713_123518-300x169.jpg 300w, https:\/\/www.oblatcongo.org\/wp-content\/uploads\/2024\/07\/IMG_20240713_123518-768x433.jpg 768w, https:\/\/www.oblatcongo.org\/wp-content\/uploads\/2024\/07\/IMG_20240713_123518-1536x866.jpg 1536w, https:\/\/www.oblatcongo.org\/wp-content\/uploads\/2024\/07\/IMG_20240713_123518-2048x1155.jpg 2048w, https:\/\/www.oblatcongo.org\/wp-content\/uploads\/2024\/07\/IMG_20240713_123518-1320x744.jpg 1320w\" sizes=\"auto, (max-width: 1024px) 100vw, 1024px\" \/><\/figure>\n\n\n\n<p>Le recteur de l&rsquo;Universit\u00e9 De Mazenod, le p\u00e8re Macaire Manimba, a remis le dipl\u00f4me \u00e0 chacun des \u00e9tudiants en pr\u00e9sence de la communaut\u00e9 universitaire et des confr\u00e8res et consoeurs venus participer \u00e0 la c\u00e9r\u00e9monie et \u00e0 la messe de cl\u00f4ture pr\u00e9sid\u00e9e dans la chapelle du scolasticat saint Eug\u00e8ne de Mazenod par le p\u00e8re Guillaume Muthunda, vicaire provincial des Missionnaires oblats et pr\u00e9sident du conseil d&rsquo;administration de l&rsquo;Universit\u00e9 oblate. <\/p>\n\n\n\n<figure class=\"wp-block-image size-large\"><img loading=\"lazy\" decoding=\"async\" width=\"1024\" height=\"578\" src=\"https:\/\/www.oblatcongo.org\/wp-content\/uploads\/2024\/07\/IMG_20240713_130908-1024x578.jpg\" alt=\"\" class=\"wp-image-528\" srcset=\"https:\/\/www.oblatcongo.org\/wp-content\/uploads\/2024\/07\/IMG_20240713_130908-1024x578.jpg 1024w, https:\/\/www.oblatcongo.org\/wp-content\/uploads\/2024\/07\/IMG_20240713_130908-300x169.jpg 300w, https:\/\/www.oblatcongo.org\/wp-content\/uploads\/2024\/07\/IMG_20240713_130908-768x433.jpg 768w, https:\/\/www.oblatcongo.org\/wp-content\/uploads\/2024\/07\/IMG_20240713_130908-1536x866.jpg 1536w, https:\/\/www.oblatcongo.org\/wp-content\/uploads\/2024\/07\/IMG_20240713_130908-2048x1155.jpg 2048w, https:\/\/www.oblatcongo.org\/wp-content\/uploads\/2024\/07\/IMG_20240713_130908-1320x744.jpg 1320w\" sizes=\"auto, (max-width: 1024px) 100vw, 1024px\" \/><\/figure>\n\n\n\n<p>Le p\u00e8re Guillaume Muthunda a invit\u00e9 les \u00e9tudiants et le personnel acad\u00e9mique et scientifique \u00e0 honorer le saint patron de l&rsquo;Universit\u00e9, saint Eug\u00e8ne de Mazenod qui demande de \u00ab\u00a0rendre les hommes raisonnables, puis chr\u00e9tiens, enfin les aider \u00e0 devenir des saints\u00a0\u00bb. <\/p>\n\n\n\n<figure class=\"wp-block-image size-large\"><img loading=\"lazy\" decoding=\"async\" width=\"1024\" height=\"578\" src=\"https:\/\/www.oblatcongo.org\/wp-content\/uploads\/2024\/07\/IMG_20240713_131310-1024x578.jpg\" alt=\"\" class=\"wp-image-529\" srcset=\"https:\/\/www.oblatcongo.org\/wp-content\/uploads\/2024\/07\/IMG_20240713_131310-1024x578.jpg 1024w, https:\/\/www.oblatcongo.org\/wp-content\/uploads\/2024\/07\/IMG_20240713_131310-300x169.jpg 300w, https:\/\/www.oblatcongo.org\/wp-content\/uploads\/2024\/07\/IMG_20240713_131310-768x433.jpg 768w, https:\/\/www.oblatcongo.org\/wp-content\/uploads\/2024\/07\/IMG_20240713_131310-1536x866.jpg 1536w, https:\/\/www.oblatcongo.org\/wp-content\/uploads\/2024\/07\/IMG_20240713_131310-2048x1155.jpg 2048w, https:\/\/www.oblatcongo.org\/wp-content\/uploads\/2024\/07\/IMG_20240713_131310-1320x744.jpg 1320w\" sizes=\"auto, (max-width: 1024px) 100vw, 1024px\" \/><\/figure>\n\n\n\n<p>Le pr\u00e9sident du conseil d&rsquo;administration a remis officiellement au recteur le d\u00e9cret du Dicast\u00e8re de la culture et de l&rsquo;\u00e9ducation renouvelant la reconnaissance des \u00e9tudes de th\u00e9ologie dispens\u00e9es par l&rsquo;Institut th\u00e9ologique Saint Eug\u00e8ne de Mazenod, autrement dit la facult\u00e9 de th\u00e9ologie de l&rsquo;Universit\u00e9 De Mazenod de Kinshasa. <\/p>\n\n\n\n<figure class=\"wp-block-image size-large\"><img loading=\"lazy\" decoding=\"async\" width=\"1024\" height=\"578\" src=\"https:\/\/www.oblatcongo.org\/wp-content\/uploads\/2024\/07\/IMG_20240713_133106-1024x578.jpg\" alt=\"\" class=\"wp-image-532\" srcset=\"https:\/\/www.oblatcongo.org\/wp-content\/uploads\/2024\/07\/IMG_20240713_133106-1024x578.jpg 1024w, https:\/\/www.oblatcongo.org\/wp-content\/uploads\/2024\/07\/IMG_20240713_133106-300x169.jpg 300w, https:\/\/www.oblatcongo.org\/wp-content\/uploads\/2024\/07\/IMG_20240713_133106-768x433.jpg 768w, https:\/\/www.oblatcongo.org\/wp-content\/uploads\/2024\/07\/IMG_20240713_133106-1536x866.jpg 1536w, https:\/\/www.oblatcongo.org\/wp-content\/uploads\/2024\/07\/IMG_20240713_133106-2048x1155.jpg 2048w, https:\/\/www.oblatcongo.org\/wp-content\/uploads\/2024\/07\/IMG_20240713_133106-1320x744.jpg 1320w\" sizes=\"auto, (max-width: 1024px) 100vw, 1024px\" \/><\/figure>\n","protected":false},"excerpt":{"rendered":"<div class=\"mh-excerpt\"><p>Six religieuses comptaient parmi les trente-cinq bacheliers en th\u00e9ologie proclam\u00e9s le samedi 13 juillet \u00e0 la cl\u00f4ture officielle de l&rsquo;ann\u00e9e acad\u00e9mique \u00e0 l&rsquo;Universit\u00e9 De Mazenod de Kinshasa. Le recteur de l&rsquo;Universit\u00e9 De Mazenod, le p\u00e8re <a class=\"mh-excerpt-more\" href=\"https:\/\/www.oblatcongo.org\/index.php\/2024\/07\/14\/cloture-de-lannee-academique-a-linstitut-theologique-saint-eugene-de-mazenod\/\" title=\"Remise de dipl\u00f4mes de th\u00e9ologie \u00e0 l&rsquo;Universit\u00e9 De Mazenod de Kinshasa\">[Lire plus]<\/a><\/p>\n<\/div>","protected":false},"author":1,"featured_media":526,"comment_status":"open","ping_status":"open","sticky":false,"template":"","format":"standard","meta":{"jetpack_post_was_ever_published":false,"_jetpack_newsletter_access":"","_jetpack_dont_email_post_to_subs":false,"_jetpack_newsletter_tier_id":0,"_jetpack_memberships_contains_paywalled_content":false,"_jetpack_memberships_contains_paid_content":false,"footnotes":""},"categories":[35,43,32],"tags":[59,89],"class_list":{"0":"post-525","1":"post","2":"type-post","3":"status-publish","4":"format-standard","5":"has-post-thumbnail","7":"category-actualite","8":"category-enseignement","9":"category-formation","10":"tag-guillaume-muthunda","11":"tag-universite-de-mazenod"},"jetpack_featured_media_url":"https:\/\/www.oblatcongo.org\/wp-content\/uploads\/2024\/07\/IMG_20240713_133805-scaled.jpg","jetpack_sharing_enabled":true,"_links":{"self":[{"href":"https:\/\/www.oblatcongo.org\/index.php\/wp-json\/wp\/v2\/posts\/525","targetHints":{"allow":["GET"]}}],"collection":[{"href":"https:\/\/www.oblatcongo.org\/index.php\/wp-json\/wp\/v2\/posts"}],"about":[{"href":"https:\/\/www.oblatcongo.org\/index.php\/wp-json\/wp\/v2\/types\/post"}],"author":[{"embeddable":true,"href":"https:\/\/www.oblatcongo.org\/index.php\/wp-json\/wp\/v2\/users\/1"}],"replies":[{"embeddable":true,"href":"https:\/\/www.oblatcongo.org\/index.php\/wp-json\/wp\/v2\/comments?post=525"}],"version-history":[{"count":4,"href":"https:\/\/www.oblatcongo.org\/index.php\/wp-json\/wp\/v2\/posts\/525\/revisions"}],"predecessor-version":[{"id":536,"href":"https:\/\/www.oblatcongo.org\/index.php\/wp-json\/wp\/v2\/posts\/525\/revisions\/536"}],"wp:featuredmedia":[{"embeddable":true,"href":"https:\/\/www.oblatcongo.org\/index.php\/wp-json\/wp\/v2\/media\/526"}],"wp:attachment":[{"href":"https:\/\/www.oblatcongo.org\/index.php\/wp-json\/wp\/v2\/media?parent=525"}],"wp:term":[{"taxonomy":"category","embeddable":true,"href":"https:\/\/www.oblatcongo.org\/index.php\/wp-json\/wp\/v2\/categories?post=525"},{"taxonomy":"post_tag","embeddable":true,"href":"https:\/\/www.oblatcongo.org\/index.php\/wp-json\/wp\/v2\/tags?post=525"}],"curies":[{"name":"wp","href":"https:\/\/api.w.org\/{rel}","templated":true}]}}