{"id":565,"date":"2024-09-09T12:09:22","date_gmt":"2024-09-09T11:09:22","guid":{"rendered":"https:\/\/www.oblatcongo.org\/?p=565"},"modified":"2024-09-09T20:29:14","modified_gmt":"2024-09-09T19:29:14","slug":"16-jeunes-oblats-africains-ont-prononce-leurs-voeux-perpetuels-a-kinshasa","status":"publish","type":"post","link":"https:\/\/www.oblatcongo.org\/index.php\/2024\/09\/09\/16-jeunes-oblats-africains-ont-prononce-leurs-voeux-perpetuels-a-kinshasa\/","title":{"rendered":"16 jeunes oblats africains ont prononc\u00e9 leurs voeux perp\u00e9tuels \u00e0 Kinshasa"},"content":{"rendered":"\n<p class=\"has-medium-font-size\">Leur porte-parole, le scolastique congolais Hugues Ngomboyo, a promis que son groupe apportera un souffle nouveau \u00e0 la congr\u00e9gation des Missionnaires oblats de Marie Immacul\u00e9e. Les 16 jeunes oblats de l&rsquo;Afrique francophone sont du S\u00e9n\u00e9gal, du Nig\u00e9ria, du Cameroun, de Madagascar et de la R\u00e9publique d\u00e9mocratique du Congo. Le samedi 07 septembre 2024, ils ont prononc\u00e9 leurs voeux perp\u00e9tuels dans l&rsquo;\u00e9glise paroissiale saint-Eloi de Kinshasa-Barumbu. <\/p>\n\n\n\n<figure class=\"wp-block-image size-large\"><img loading=\"lazy\" decoding=\"async\" width=\"1024\" height=\"461\" src=\"https:\/\/www.oblatcongo.org\/wp-content\/uploads\/2024\/09\/IMG_20240907_110808-1024x461.jpg\" alt=\"\" class=\"wp-image-567\" srcset=\"https:\/\/www.oblatcongo.org\/wp-content\/uploads\/2024\/09\/IMG_20240907_110808-1024x461.jpg 1024w, https:\/\/www.oblatcongo.org\/wp-content\/uploads\/2024\/09\/IMG_20240907_110808-300x135.jpg 300w, https:\/\/www.oblatcongo.org\/wp-content\/uploads\/2024\/09\/IMG_20240907_110808-768x346.jpg 768w, https:\/\/www.oblatcongo.org\/wp-content\/uploads\/2024\/09\/IMG_20240907_110808-1536x691.jpg 1536w, https:\/\/www.oblatcongo.org\/wp-content\/uploads\/2024\/09\/IMG_20240907_110808-2048x922.jpg 2048w, https:\/\/www.oblatcongo.org\/wp-content\/uploads\/2024\/09\/IMG_20240907_110808-1320x594.jpg 1320w\" sizes=\"auto, (max-width: 1024px) 100vw, 1024px\" \/><\/figure>\n\n\n\n<p class=\"has-medium-font-size\">Ils ont pass\u00e9 tout un mois de retraite pr\u00e9paratoire au scolasticat saint Eug\u00e8ne de Mazenod de Kinshasa-Kintambo. Leurs animateurs \u00e9taient les p\u00e8res Lin Kiekie (Cameroun), Abel Nsolo (RDC), Razoky Hissen (Madagascar) et Paul-Marie Mandika (S\u00e9n\u00e9gal). Le sup\u00e9rieur provincial du Congo, le p\u00e8re Constant Kienge-Kienge, les a accompagn\u00e9s la toute derni\u00e8re semaine.<\/p>\n\n\n\n<figure class=\"wp-block-image size-large\"><img loading=\"lazy\" decoding=\"async\" width=\"1024\" height=\"461\" src=\"https:\/\/www.oblatcongo.org\/wp-content\/uploads\/2024\/09\/IMG_20240907_112434-1024x461.jpg\" alt=\"\" class=\"wp-image-568\" srcset=\"https:\/\/www.oblatcongo.org\/wp-content\/uploads\/2024\/09\/IMG_20240907_112434-1024x461.jpg 1024w, https:\/\/www.oblatcongo.org\/wp-content\/uploads\/2024\/09\/IMG_20240907_112434-300x135.jpg 300w, https:\/\/www.oblatcongo.org\/wp-content\/uploads\/2024\/09\/IMG_20240907_112434-768x346.jpg 768w, https:\/\/www.oblatcongo.org\/wp-content\/uploads\/2024\/09\/IMG_20240907_112434-1536x691.jpg 1536w, https:\/\/www.oblatcongo.org\/wp-content\/uploads\/2024\/09\/IMG_20240907_112434-2048x922.jpg 2048w, https:\/\/www.oblatcongo.org\/wp-content\/uploads\/2024\/09\/IMG_20240907_112434-1320x594.jpg 1320w\" sizes=\"auto, (max-width: 1024px) 100vw, 1024px\" \/><\/figure>\n\n\n\n<p class=\"has-medium-font-size\">Le sup\u00e9rieur provincial du Congo, d\u00e9l\u00e9gu\u00e9 du sup\u00e9rieur g\u00e9n\u00e9ral, le p\u00e8re Luis Ignacio Rois Alonso, a re\u00e7u les voeux d\u00e9finitifs de ses jeunes confr\u00e8res. Il leur a remis le livre des Constitutions et R\u00e8gles, le scapulaire de la Vierge Marie et surtout la croix oblate, choisie par le fondateur, saint Eug\u00e8ne de Mazenod, comme unique signe distinctif de sa congr\u00e9gation.<\/p>\n\n\n\n<figure class=\"wp-block-image size-large\"><img loading=\"lazy\" decoding=\"async\" width=\"1024\" height=\"461\" src=\"https:\/\/www.oblatcongo.org\/wp-content\/uploads\/2024\/09\/IMG_20240907_124529-1024x461.jpg\" alt=\"\" class=\"wp-image-569\" srcset=\"https:\/\/www.oblatcongo.org\/wp-content\/uploads\/2024\/09\/IMG_20240907_124529-1024x461.jpg 1024w, https:\/\/www.oblatcongo.org\/wp-content\/uploads\/2024\/09\/IMG_20240907_124529-300x135.jpg 300w, https:\/\/www.oblatcongo.org\/wp-content\/uploads\/2024\/09\/IMG_20240907_124529-768x346.jpg 768w, https:\/\/www.oblatcongo.org\/wp-content\/uploads\/2024\/09\/IMG_20240907_124529-1536x691.jpg 1536w, https:\/\/www.oblatcongo.org\/wp-content\/uploads\/2024\/09\/IMG_20240907_124529-2048x922.jpg 2048w, https:\/\/www.oblatcongo.org\/wp-content\/uploads\/2024\/09\/IMG_20240907_124529-1320x594.jpg 1320w\" sizes=\"auto, (max-width: 1024px) 100vw, 1024px\" \/><\/figure>\n\n\n\n<p class=\"has-medium-font-size\">A l&rsquo;hom\u00e9lie, le p\u00e8re Mandika a notamment convi\u00e9 les nouveaux prof\u00e8s perp\u00e9tuels \u00e0 se mettre \u00e0 l&rsquo;\u00e9cole et sous la protection de la Vierge Immacul\u00e9e.<\/p>\n\n\n\n<figure class=\"wp-block-image size-large is-resized\"><img loading=\"lazy\" decoding=\"async\" width=\"2401\" height=\"1800\" src=\"https:\/\/www.oblatcongo.org\/wp-content\/uploads\/2024\/09\/IMG_20240907_121221-edited.jpg\" alt=\"\" class=\"wp-image-571\" style=\"width:397px;height:auto\" srcset=\"https:\/\/www.oblatcongo.org\/wp-content\/uploads\/2024\/09\/IMG_20240907_121221-edited.jpg 2401w, https:\/\/www.oblatcongo.org\/wp-content\/uploads\/2024\/09\/IMG_20240907_121221-edited-300x225.jpg 300w, https:\/\/www.oblatcongo.org\/wp-content\/uploads\/2024\/09\/IMG_20240907_121221-edited-1024x768.jpg 1024w, https:\/\/www.oblatcongo.org\/wp-content\/uploads\/2024\/09\/IMG_20240907_121221-edited-768x576.jpg 768w, https:\/\/www.oblatcongo.org\/wp-content\/uploads\/2024\/09\/IMG_20240907_121221-edited-1536x1152.jpg 1536w, https:\/\/www.oblatcongo.org\/wp-content\/uploads\/2024\/09\/IMG_20240907_121221-edited-2048x1535.jpg 2048w, https:\/\/www.oblatcongo.org\/wp-content\/uploads\/2024\/09\/IMG_20240907_121221-edited-678x509.jpg 678w, https:\/\/www.oblatcongo.org\/wp-content\/uploads\/2024\/09\/IMG_20240907_121221-edited-326x245.jpg 326w, https:\/\/www.oblatcongo.org\/wp-content\/uploads\/2024\/09\/IMG_20240907_121221-edited-80x60.jpg 80w, https:\/\/www.oblatcongo.org\/wp-content\/uploads\/2024\/09\/IMG_20240907_121221-edited-1320x990.jpg 1320w\" sizes=\"auto, (max-width: 2401px) 100vw, 2401px\" \/><\/figure>\n\n\n\n<figure class=\"wp-block-image size-large\"><img loading=\"lazy\" decoding=\"async\" width=\"1024\" height=\"461\" src=\"https:\/\/www.oblatcongo.org\/wp-content\/uploads\/2024\/09\/IMG_20240907_113600-1024x461.jpg\" alt=\"\" class=\"wp-image-572\" srcset=\"https:\/\/www.oblatcongo.org\/wp-content\/uploads\/2024\/09\/IMG_20240907_113600-1024x461.jpg 1024w, https:\/\/www.oblatcongo.org\/wp-content\/uploads\/2024\/09\/IMG_20240907_113600-300x135.jpg 300w, https:\/\/www.oblatcongo.org\/wp-content\/uploads\/2024\/09\/IMG_20240907_113600-768x346.jpg 768w, https:\/\/www.oblatcongo.org\/wp-content\/uploads\/2024\/09\/IMG_20240907_113600-1536x691.jpg 1536w, https:\/\/www.oblatcongo.org\/wp-content\/uploads\/2024\/09\/IMG_20240907_113600-2048x922.jpg 2048w, https:\/\/www.oblatcongo.org\/wp-content\/uploads\/2024\/09\/IMG_20240907_113600-1320x594.jpg 1320w\" sizes=\"auto, (max-width: 1024px) 100vw, 1024px\" \/><\/figure>\n","protected":false},"excerpt":{"rendered":"<div class=\"mh-excerpt\"><p>Leur porte-parole, le scolastique congolais Hugues Ngomboyo, a promis que son groupe apportera un souffle nouveau \u00e0 la congr\u00e9gation des Missionnaires oblats de Marie Immacul\u00e9e. Les 16 jeunes oblats de l&rsquo;Afrique francophone sont du S\u00e9n\u00e9gal, <a class=\"mh-excerpt-more\" href=\"https:\/\/www.oblatcongo.org\/index.php\/2024\/09\/09\/16-jeunes-oblats-africains-ont-prononce-leurs-voeux-perpetuels-a-kinshasa\/\" title=\"16 jeunes oblats africains ont prononc\u00e9 leurs voeux perp\u00e9tuels \u00e0 Kinshasa\">[Lire plus]<\/a><\/p>\n<\/div>","protected":false},"author":1,"featured_media":566,"comment_status":"open","ping_status":"open","sticky":false,"template":"","format":"standard","meta":{"jetpack_post_was_ever_published":false,"_jetpack_newsletter_access":"","_jetpack_dont_email_post_to_subs":false,"_jetpack_newsletter_tier_id":0,"_jetpack_memberships_contains_paywalled_content":false,"_jetpack_memberships_contains_paid_content":false,"footnotes":""},"categories":[32,99],"tags":[23,101,100],"class_list":{"0":"post-565","1":"post","2":"type-post","3":"status-publish","4":"format-standard","5":"has-post-thumbnail","7":"category-formation","8":"category-oblation","9":"tag-kinshasa","10":"tag-saint-eloi","11":"tag-voeux-perpetuels"},"jetpack_featured_media_url":"https:\/\/www.oblatcongo.org\/wp-content\/uploads\/2024\/09\/IMG_20240907_102528-scaled.jpg","jetpack_sharing_enabled":true,"_links":{"self":[{"href":"https:\/\/www.oblatcongo.org\/index.php\/wp-json\/wp\/v2\/posts\/565","targetHints":{"allow":["GET"]}}],"collection":[{"href":"https:\/\/www.oblatcongo.org\/index.php\/wp-json\/wp\/v2\/posts"}],"about":[{"href":"https:\/\/www.oblatcongo.org\/index.php\/wp-json\/wp\/v2\/types\/post"}],"author":[{"embeddable":true,"href":"https:\/\/www.oblatcongo.org\/index.php\/wp-json\/wp\/v2\/users\/1"}],"replies":[{"embeddable":true,"href":"https:\/\/www.oblatcongo.org\/index.php\/wp-json\/wp\/v2\/comments?post=565"}],"version-history":[{"count":3,"href":"https:\/\/www.oblatcongo.org\/index.php\/wp-json\/wp\/v2\/posts\/565\/revisions"}],"predecessor-version":[{"id":577,"href":"https:\/\/www.oblatcongo.org\/index.php\/wp-json\/wp\/v2\/posts\/565\/revisions\/577"}],"wp:featuredmedia":[{"embeddable":true,"href":"https:\/\/www.oblatcongo.org\/index.php\/wp-json\/wp\/v2\/media\/566"}],"wp:attachment":[{"href":"https:\/\/www.oblatcongo.org\/index.php\/wp-json\/wp\/v2\/media?parent=565"}],"wp:term":[{"taxonomy":"category","embeddable":true,"href":"https:\/\/www.oblatcongo.org\/index.php\/wp-json\/wp\/v2\/categories?post=565"},{"taxonomy":"post_tag","embeddable":true,"href":"https:\/\/www.oblatcongo.org\/index.php\/wp-json\/wp\/v2\/tags?post=565"}],"curies":[{"name":"wp","href":"https:\/\/api.w.org\/{rel}","templated":true}]}}