{"id":602,"date":"2024-10-04T22:55:26","date_gmt":"2024-10-04T21:55:26","guid":{"rendered":"https:\/\/www.oblatcongo.org\/?p=602"},"modified":"2024-10-04T22:55:26","modified_gmt":"2024-10-04T21:55:26","slug":"vers-un-congres-de-la-famille-charismatique-oblate","status":"publish","type":"post","link":"https:\/\/www.oblatcongo.org\/index.php\/2024\/10\/04\/vers-un-congres-de-la-famille-charismatique-oblate\/","title":{"rendered":"Vers un congr\u00e8s de la \u00ab\u00a0famille charismatique oblate\u00a0\u00bb"},"content":{"rendered":"\n<p class=\"has-medium-font-size\">Un congr\u00e8s se tiendra en 2026 pour r\u00e9unir les membres de la <strong>famille charismatique oblate mondiale<\/strong>. Un comit\u00e9 <em>ad hoc<\/em> a \u00e9t\u00e9 mis en place pour pr\u00e9parer cette rencontre de la quarantaine des associations religieuses et la\u00efques recens\u00e9es \u00e0 ce jour. Dans la Province du Congo (RDC &#8211; Angola), les Missionnaires Oblats de Marie Immacul\u00e9e (O.M.I.), la congr\u00e9gation des Soeurs de la Sainte Famille de Bordeaux et l&rsquo;institut s\u00e9culier des Coop\u00e9ratrices Oblates Missionnaires de l&rsquo;Immacul\u00e9e (C.O.M.I.) se retrouvent sur la liste avec l&rsquo;Association Missionnaire de Marie Immacul\u00e9e (A.M.M.I.), r\u00e9unissant des membres la\u00efcs.<\/p>\n\n\n\n<h2 class=\"wp-block-heading\">Comme des \u00ab\u00a0P\u00e8lerins d&rsquo;esp\u00e9rance en communion\u00a0\u00bb<\/h2>\n\n\n\n<p class=\"has-medium-font-size\">Le comit\u00e9 <em>ad hoc<\/em> explique ainsi le bien-fond\u00e9 de la d\u00e9marche initi\u00e9e par l&rsquo;Administration g\u00e9n\u00e9rale des Oblats de Marie Immacul\u00e9e : <\/p>\n\n\n\n<blockquote class=\"wp-block-quote is-layout-flow wp-block-quote-is-layout-flow\">\n<blockquote class=\"wp-block-quote is-layout-flow wp-block-quote-is-layout-flow\">\n<p class=\"has-medium-font-size\"><em>\u00ab\u00a0Lors de notre 37e Chapitre g\u00e9n\u00e9ral, nous avons profond\u00e9ment r\u00e9fl\u00e9chi sur le th\u00e8me \u00ab P\u00e8lerins de l&rsquo;esp\u00e9rance en communion \u00bb et nous nous r\u00e9jouissons \u00e9galement que toute l&rsquo;\u00c9glise universelle se pr\u00e9pare \u00e0 c\u00e9l\u00e9brer l&rsquo;ann\u00e9e jubilaire 2025 presque sur le th\u00e8me \u00ab P\u00e8lerins de l&rsquo;esp\u00e9rance \u00bb. Tout cela nous fait prendre conscience de l&rsquo;esprit dans lequel Dieu nous guide et veut que nous allions de l&rsquo;avant en tant que congr\u00e9gation avec d&rsquo;autres. En outre, les diverses pr\u00e9parations et sessions du Synode sur la synodalit\u00e9 convoqu\u00e9 par le Pape Fran\u00e7ois nous appellent \u00e0 marcher ensemble avec d&rsquo;autres vers notre P\u00e8re c\u00e9leste avec Foi, Esp\u00e9rance et Charit\u00e9, alors que nous continuons \u00e0 \u00ab \u00e9tendre nos tentes \u00bb au plus grand nombre possible. Attentifs et humbles \u00e0 la voix de l&rsquo;Esprit de Dieu, le P. Luis Ignacio, Sup\u00e9rieur g\u00e9n\u00e9ral et son \u00e9quipe d\u00e9sirent rassembler toutes les associations religieuses et la\u00efques li\u00e9es au charisme oblat en une \u00ab famille charismatique \u00bb\u00a0\u00bb.<\/em><\/p>\n<\/blockquote>\n<\/blockquote>\n\n\n\n<h2 class=\"wp-block-heading\">Objectifs<\/h2>\n\n\n\n<p class=\"has-medium-font-size\">Trois objectifs sont d&rsquo;ores et d\u00e9j\u00e0 retenus pour cette rencontre : <\/p>\n\n\n\n<ul class=\"wp-block-list\">\n<li class=\"has-medium-font-size\">1. se conna\u00eetre en partageant les histoires de vie et de mission de chacun (combien d&rsquo;entre nous sont li\u00e9s au charisme oblat), <\/li>\n\n\n\n<li class=\"has-medium-font-size\">2. appr\u00e9cier et c\u00e9l\u00e9brer la mission que nous accomplissons en tant qu&rsquo;entit\u00e9s diff\u00e9rentes dans l&rsquo;\u00c9glise et dans le monde, et r\u00e9aliser les points de convergence, et <\/li>\n\n\n\n<li class=\"has-medium-font-size\">3. faire des recherches sur le charisme oblat et sur la mission de chacun.<\/li>\n<\/ul>\n\n\n\n<p><\/p>\n\n\n\n<figure class=\"wp-block-image size-large\"><img loading=\"lazy\" decoding=\"async\" width=\"1024\" height=\"683\" src=\"https:\/\/www.oblatcongo.org\/wp-content\/uploads\/2024\/10\/IMG_5353-1024x683.jpg\" alt=\"\" class=\"wp-image-604\" style=\"aspect-ratio:4\/3;object-fit:cover\" srcset=\"https:\/\/www.oblatcongo.org\/wp-content\/uploads\/2024\/10\/IMG_5353-1024x683.jpg 1024w, https:\/\/www.oblatcongo.org\/wp-content\/uploads\/2024\/10\/IMG_5353-300x200.jpg 300w, https:\/\/www.oblatcongo.org\/wp-content\/uploads\/2024\/10\/IMG_5353-768x512.jpg 768w, https:\/\/www.oblatcongo.org\/wp-content\/uploads\/2024\/10\/IMG_5353-1536x1024.jpg 1536w, https:\/\/www.oblatcongo.org\/wp-content\/uploads\/2024\/10\/IMG_5353-2048x1365.jpg 2048w, https:\/\/www.oblatcongo.org\/wp-content\/uploads\/2024\/10\/IMG_5353-1320x880.jpg 1320w\" sizes=\"auto, (max-width: 1024px) 100vw, 1024px\" \/><\/figure>\n\n\n\n<h2 class=\"wp-block-heading\">M\u00e9moire du \u00ab\u00a0congr\u00e8s sur le charisme\u00a0\u00bb<\/h2>\n\n\n\n<p class=\"has-medium-font-size\">Rappelons qu&rsquo;un Congr\u00e8s mondial sur le \u00ab\u00a0charisme oblat en contexte\u00a0\u00bb s&rsquo;est tenu du 29 juin au 3 juillet 2015. Alors que la pratique de la visio-conf\u00e9rence \u00e9tait encore peu courante et surtout techniquement difficile pour bien des r\u00e9gions, la famille oblate avait r\u00e9ussi cette exp\u00e9rience qui m\u00e9riterait de s&rsquo;appeler d&rsquo;une certaine \u00ab\u00a0synodalit\u00e9\u00a0\u00bb. \u00ab\u00a0Un congr\u00e8s, un d\u00e9fi pour le charisme\u00a0\u00bb s&rsquo;\u00e9tait tenu ainsi sur huit sites en raison de deux par continents. <\/p>\n\n\n\n<p class=\"has-medium-font-size\">Le scolasticat saint Eug\u00e8ne de Mazenod de Kinshasa avait ainsi re\u00e7u des participants francophones d&rsquo;Afrique venus du S\u00e9n\u00e9gal, du Cameroun-Nig\u00e9ria, de la RDC et d&rsquo;Angola. Des difficult\u00e9s d&rsquo;immigration avaient fait manquer la pr\u00e9sence physique de d\u00e9l\u00e9gu\u00e9s de Madagascar.<\/p>\n\n\n\n<p class=\"has-medium-font-size\">Kinshasa compta ainsi : des Missionnaires Oblats de Marie Immacul\u00e9e, des Coop\u00e9ratrices Oblates Missionnaires de l&rsquo;Immacul\u00e9e, des membres la\u00efcs de l&rsquo;Association Missionnaire de Marie Immacul\u00e9e et des membres de la Fraternit\u00e9 Missionnaire de la Sainte Famille, fond\u00e9e par l&rsquo;Oblat congolais Beno\u00eet Kabongo (1933-2020).<\/p>\n\n\n\n<p class=\"has-medium-font-size\">Le prochain congr\u00e8s de la \u00ab\u00a0famille charismatique\u00a0\u00bb sera pour certains l&rsquo;occasion d&rsquo;une \u00e9valuation du congr\u00e8s de 2015.<\/p>\n","protected":false},"excerpt":{"rendered":"<div class=\"mh-excerpt\"><p>Un congr\u00e8s se tiendra en 2026 pour r\u00e9unir les membres de la famille charismatique oblate mondiale. Un comit\u00e9 ad hoc a \u00e9t\u00e9 mis en place pour pr\u00e9parer cette rencontre de la quarantaine des associations religieuses <a class=\"mh-excerpt-more\" href=\"https:\/\/www.oblatcongo.org\/index.php\/2024\/10\/04\/vers-un-congres-de-la-famille-charismatique-oblate\/\" title=\"Vers un congr\u00e8s de la \u00ab\u00a0famille charismatique oblate\u00a0\u00bb\">[Lire plus]<\/a><\/p>\n<\/div>","protected":false},"author":1,"featured_media":603,"comment_status":"open","ping_status":"open","sticky":false,"template":"","format":"standard","meta":{"jetpack_post_was_ever_published":false,"_jetpack_newsletter_access":"","_jetpack_dont_email_post_to_subs":false,"_jetpack_newsletter_tier_id":0,"_jetpack_memberships_contains_paywalled_content":false,"_jetpack_memberships_contains_paid_content":false,"footnotes":""},"categories":[35,25],"tags":[105],"class_list":{"0":"post-602","1":"post","2":"type-post","3":"status-publish","4":"format-standard","5":"has-post-thumbnail","7":"category-actualite","8":"category-administration","9":"tag-congres"},"jetpack_featured_media_url":"https:\/\/www.oblatcongo.org\/wp-content\/uploads\/2024\/10\/DSC03607-scaled.jpg","jetpack_sharing_enabled":true,"_links":{"self":[{"href":"https:\/\/www.oblatcongo.org\/index.php\/wp-json\/wp\/v2\/posts\/602","targetHints":{"allow":["GET"]}}],"collection":[{"href":"https:\/\/www.oblatcongo.org\/index.php\/wp-json\/wp\/v2\/posts"}],"about":[{"href":"https:\/\/www.oblatcongo.org\/index.php\/wp-json\/wp\/v2\/types\/post"}],"author":[{"embeddable":true,"href":"https:\/\/www.oblatcongo.org\/index.php\/wp-json\/wp\/v2\/users\/1"}],"replies":[{"embeddable":true,"href":"https:\/\/www.oblatcongo.org\/index.php\/wp-json\/wp\/v2\/comments?post=602"}],"version-history":[{"count":1,"href":"https:\/\/www.oblatcongo.org\/index.php\/wp-json\/wp\/v2\/posts\/602\/revisions"}],"predecessor-version":[{"id":605,"href":"https:\/\/www.oblatcongo.org\/index.php\/wp-json\/wp\/v2\/posts\/602\/revisions\/605"}],"wp:featuredmedia":[{"embeddable":true,"href":"https:\/\/www.oblatcongo.org\/index.php\/wp-json\/wp\/v2\/media\/603"}],"wp:attachment":[{"href":"https:\/\/www.oblatcongo.org\/index.php\/wp-json\/wp\/v2\/media?parent=602"}],"wp:term":[{"taxonomy":"category","embeddable":true,"href":"https:\/\/www.oblatcongo.org\/index.php\/wp-json\/wp\/v2\/categories?post=602"},{"taxonomy":"post_tag","embeddable":true,"href":"https:\/\/www.oblatcongo.org\/index.php\/wp-json\/wp\/v2\/tags?post=602"}],"curies":[{"name":"wp","href":"https:\/\/api.w.org\/{rel}","templated":true}]}}