{"id":616,"date":"2024-12-07T12:40:26","date_gmt":"2024-12-07T11:40:26","guid":{"rendered":"https:\/\/www.oblatcongo.org\/?p=616"},"modified":"2024-12-07T13:35:06","modified_gmt":"2024-12-07T12:35:06","slug":"premiere-assemblee-generale-des-associes-laics-oblats-de-la-province-du-congo","status":"publish","type":"post","link":"https:\/\/www.oblatcongo.org\/index.php\/2024\/12\/07\/premiere-assemblee-generale-des-associes-laics-oblats-de-la-province-du-congo\/","title":{"rendered":"Premi\u00e8re Assembl\u00e9e g\u00e9n\u00e9rale des Associ\u00e9s la\u00efcs oblats de la Province du Congo"},"content":{"rendered":"\n<p class=\"has-medium-font-size\">L&rsquo;aum\u00f4nier des associ\u00e9s la\u00efcs oblats de la R\u00e9publique d\u00e9mocratique du Congo et de l&rsquo;Angola a pr\u00e9sid\u00e9 la messe d&rsquo;ouverture dans l&rsquo;\u00e9glise saint-Eloi de Kinshasa-Barumbu le samedi 07 d\u00e9cembre pour la toute premi\u00e8re assembl\u00e9e g\u00e9n\u00e9rale de l&rsquo;Association Missionnaire de Marie Immacul\u00e9e (AMMI). <\/p>\n\n\n\n<p class=\"has-medium-font-size\">Commentant l&rsquo;\u00e9vangile du jour, le p\u00e8re Adolphe Vunga a soulign\u00e9 combien les associ\u00e9s la\u00efcs oblats se d\u00e9vouent pour r\u00e9pondre \u00e0 l&rsquo;appel du Seigneur : \u00ab\u00a0la moisson est abondante, mais les ouvriers peu nombreux.\u00a0\u00bb Les associ\u00e9s la\u00efcs se pr\u00e9sentent donc pour aller \u00e9vang\u00e9liser le monde \u00e0 leur mani\u00e8re, sur les traves de saint Eug\u00e8ne de Mazenod, fondateur des Missionnaires oblats de Marie Immacul\u00e9e.<\/p>\n\n\n\n<p class=\"has-medium-font-size\">Le p\u00e8re Vunga a aussi \u00e9voqu\u00e9 l&rsquo;exemple du saint du jour, saint Ambroise, pl\u00e9biscit\u00e9 pour son z\u00e8le et sa foi. Le secret de r\u00e9ussite pour les associ\u00e9s la\u00efcs oblats sera toujours la pri\u00e8re, l&rsquo;union \u00e0 Dieu.<\/p>\n\n\n\n<figure class=\"wp-block-image size-large\"><img loading=\"lazy\" decoding=\"async\" width=\"1024\" height=\"461\" src=\"https:\/\/www.oblatcongo.org\/wp-content\/uploads\/2024\/12\/IMG_20241207_120931-1024x461.jpg\" alt=\"\" class=\"wp-image-623\" style=\"aspect-ratio:16\/9;object-fit:cover\" srcset=\"https:\/\/www.oblatcongo.org\/wp-content\/uploads\/2024\/12\/IMG_20241207_120931-1024x461.jpg 1024w, https:\/\/www.oblatcongo.org\/wp-content\/uploads\/2024\/12\/IMG_20241207_120931-300x135.jpg 300w, https:\/\/www.oblatcongo.org\/wp-content\/uploads\/2024\/12\/IMG_20241207_120931-768x346.jpg 768w, https:\/\/www.oblatcongo.org\/wp-content\/uploads\/2024\/12\/IMG_20241207_120931-1536x691.jpg 1536w, https:\/\/www.oblatcongo.org\/wp-content\/uploads\/2024\/12\/IMG_20241207_120931-2048x922.jpg 2048w, https:\/\/www.oblatcongo.org\/wp-content\/uploads\/2024\/12\/IMG_20241207_120931-1320x594.jpg 1320w\" sizes=\"auto, (max-width: 1024px) 100vw, 1024px\" \/><\/figure>\n\n\n\n<p class=\"has-medium-font-size\">Les associ\u00e9s la\u00efcs, hommes et femmes, forment une famille avec leurs fr\u00e8res pr\u00eatres et fr\u00e8res religieux oblats de Marie Immacul\u00e9e. Lors de l&rsquo;ouverture des travaux, dans la maison d&rsquo;accueil des Oblats \u00e0 Kinshasa-Barumbu, le sup\u00e9rieur provincial des Oblats en RDC et en Angola, le p\u00e8re Constant Kienge-Kienge, a rappel\u00e9 le souhait de saint Eug\u00e8ne de Mazenod de voir la famille oblate \u00eatre la plus soud\u00e9e du monde pour t\u00e9moigner ainsi de J\u00e9sus-Christ.<\/p>\n\n\n\n<p class=\"has-medium-font-size\">L&rsquo;assembl\u00e9e g\u00e9n\u00e9rale des associ\u00e9s la\u00efcs oblats est aussi \u00e9lective. Les d\u00e9l\u00e9gu\u00e9s venus d&rsquo;Angola et des dioc\u00e8ses d&rsquo;Idiofa, de Kikwit et de Kinshasa se choisiront un pr\u00e9sident pour succ\u00e9der \u00e0 Louis Kitenge, pr\u00e9sident ad int\u00e9rim depuis 2019.<\/p>\n\n\n\n<figure class=\"wp-block-image size-large\"><img loading=\"lazy\" decoding=\"async\" width=\"1024\" height=\"461\" src=\"https:\/\/www.oblatcongo.org\/wp-content\/uploads\/2024\/12\/IMG_20241207_120947-1024x461.jpg\" alt=\"\" class=\"wp-image-624\" srcset=\"https:\/\/www.oblatcongo.org\/wp-content\/uploads\/2024\/12\/IMG_20241207_120947-1024x461.jpg 1024w, https:\/\/www.oblatcongo.org\/wp-content\/uploads\/2024\/12\/IMG_20241207_120947-300x135.jpg 300w, https:\/\/www.oblatcongo.org\/wp-content\/uploads\/2024\/12\/IMG_20241207_120947-768x346.jpg 768w, https:\/\/www.oblatcongo.org\/wp-content\/uploads\/2024\/12\/IMG_20241207_120947-1536x691.jpg 1536w, https:\/\/www.oblatcongo.org\/wp-content\/uploads\/2024\/12\/IMG_20241207_120947-2048x922.jpg 2048w, https:\/\/www.oblatcongo.org\/wp-content\/uploads\/2024\/12\/IMG_20241207_120947-1320x594.jpg 1320w\" sizes=\"auto, (max-width: 1024px) 100vw, 1024px\" \/><\/figure>\n","protected":false},"excerpt":{"rendered":"<div class=\"mh-excerpt\"><p>L&rsquo;aum\u00f4nier des associ\u00e9s la\u00efcs oblats de la R\u00e9publique d\u00e9mocratique du Congo et de l&rsquo;Angola a pr\u00e9sid\u00e9 la messe d&rsquo;ouverture dans l&rsquo;\u00e9glise saint-Eloi de Kinshasa-Barumbu le samedi 07 d\u00e9cembre pour la toute premi\u00e8re assembl\u00e9e g\u00e9n\u00e9rale de <a class=\"mh-excerpt-more\" href=\"https:\/\/www.oblatcongo.org\/index.php\/2024\/12\/07\/premiere-assemblee-generale-des-associes-laics-oblats-de-la-province-du-congo\/\" title=\"Premi\u00e8re Assembl\u00e9e g\u00e9n\u00e9rale des Associ\u00e9s la\u00efcs oblats de la Province du Congo\">[Lire plus]<\/a><\/p>\n<\/div>","protected":false},"author":1,"featured_media":617,"comment_status":"open","ping_status":"open","sticky":false,"template":"","format":"standard","meta":{"jetpack_post_was_ever_published":false,"_jetpack_newsletter_access":"","_jetpack_dont_email_post_to_subs":false,"_jetpack_newsletter_tier_id":0,"_jetpack_memberships_contains_paywalled_content":false,"_jetpack_memberships_contains_paid_content":false,"footnotes":""},"categories":[55],"tags":[57,20,58],"class_list":{"0":"post-616","1":"post","2":"type-post","3":"status-publish","4":"format-standard","5":"has-post-thumbnail","7":"category-associes-laics","8":"tag-ammi","9":"tag-kienge-kienge","10":"tag-louis-kitenge"},"jetpack_featured_media_url":"https:\/\/www.oblatcongo.org\/wp-content\/uploads\/2024\/12\/1733568063887-scaled.jpg","jetpack_sharing_enabled":true,"_links":{"self":[{"href":"https:\/\/www.oblatcongo.org\/index.php\/wp-json\/wp\/v2\/posts\/616","targetHints":{"allow":["GET"]}}],"collection":[{"href":"https:\/\/www.oblatcongo.org\/index.php\/wp-json\/wp\/v2\/posts"}],"about":[{"href":"https:\/\/www.oblatcongo.org\/index.php\/wp-json\/wp\/v2\/types\/post"}],"author":[{"embeddable":true,"href":"https:\/\/www.oblatcongo.org\/index.php\/wp-json\/wp\/v2\/users\/1"}],"replies":[{"embeddable":true,"href":"https:\/\/www.oblatcongo.org\/index.php\/wp-json\/wp\/v2\/comments?post=616"}],"version-history":[{"count":2,"href":"https:\/\/www.oblatcongo.org\/index.php\/wp-json\/wp\/v2\/posts\/616\/revisions"}],"predecessor-version":[{"id":625,"href":"https:\/\/www.oblatcongo.org\/index.php\/wp-json\/wp\/v2\/posts\/616\/revisions\/625"}],"wp:featuredmedia":[{"embeddable":true,"href":"https:\/\/www.oblatcongo.org\/index.php\/wp-json\/wp\/v2\/media\/617"}],"wp:attachment":[{"href":"https:\/\/www.oblatcongo.org\/index.php\/wp-json\/wp\/v2\/media?parent=616"}],"wp:term":[{"taxonomy":"category","embeddable":true,"href":"https:\/\/www.oblatcongo.org\/index.php\/wp-json\/wp\/v2\/categories?post=616"},{"taxonomy":"post_tag","embeddable":true,"href":"https:\/\/www.oblatcongo.org\/index.php\/wp-json\/wp\/v2\/tags?post=616"}],"curies":[{"name":"wp","href":"https:\/\/api.w.org\/{rel}","templated":true}]}}