{"id":678,"date":"2024-12-16T23:22:28","date_gmt":"2024-12-16T22:22:28","guid":{"rendered":"https:\/\/www.oblatcongo.org\/?p=678"},"modified":"2024-12-16T23:22:30","modified_gmt":"2024-12-16T22:22:30","slug":"60-ans-de-la-paroisse-saint-eloi-celebration-et-reflexion","status":"publish","type":"post","link":"https:\/\/www.oblatcongo.org\/index.php\/2024\/12\/16\/60-ans-de-la-paroisse-saint-eloi-celebration-et-reflexion\/","title":{"rendered":"60 Ans de la Paroisse Saint Eloi : C\u00e9l\u00e9bration et R\u00e9flexion"},"content":{"rendered":"\n<p>Excellence Monseigneur le Vicaire g\u00e9n\u00e9ral de l\u2019archidioc\u00e8se de Kinshasa,<\/p>\n\n\n\n<p>Mesdames et Messieurs les autorit\u00e9s politico-administratives,<\/p>\n\n\n\n<p>R\u00e9v\u00e9rends P\u00e8res, Messieurs les Abb\u00e9s,<\/p>\n\n\n\n<p>R\u00e9v\u00e9rendes S\u0153urs, R\u00e9v\u00e9rends fr\u00e8res,<\/p>\n\n\n\n<p>Distingu\u00e9s Invit\u00e9s \u00e0 vos titres et qualit\u00e9s respectifs,<\/p>\n\n\n\n<p>Chers fr\u00e8res et s\u0153urs dans le Christ,<\/p>\n\n\n\n<p>Permettez-moi de prendre la parole pour vous exprimer notre grande joie en ce jour de la c\u00e9l\u00e9bration du soixanti\u00e8me anniversaire de la Paroisse Saint Eloi. Cette paroisse dont la gen\u00e8se est intimement li\u00e9e \u00e0 l\u2019histoire de l\u2019implantation des missionnaires Oblats de Marie Immacul\u00e9e dans l\u2019archidioc\u00e8se de Kinshasa.<\/p>\n\n\n\n<p>Excellence Monseigneur, fr\u00e8res et s\u0153urs dans le Christ, en c\u00e9l\u00e9brant les 60 ans de la paroisse Saint Eloi, nous nous souvenons qu\u2019en 1964, la r\u00e9bellion de Pierre Mulele avait occasionn\u00e9 de nombreuses pertes en vies humaines dont trois missionnaires Oblats de Marie Immacul\u00e9e tu\u00e9s \u00e0 la Mission catholique de Kilembe dans le dioc\u00e8se d\u2019Idiofa situ\u00e9 dans la province du Kwilu. Alors, oblig\u00e9s de se disperser pour \u00e9viter de tomber entre les mains des rebelles, certains missionnaires se sont retrouv\u00e9s ici \u00e0 Kinshasa.<\/p>\n\n\n\n<p>C\u2019est dans ces circonstances que feu le Cardinal Joseph-Albert Malula, alors archev\u00eaque de Kinshasa, avait permis aux missionnaires Oblats de Marie Immacul\u00e9e de prendre une paroisse \u00e0 Kinshasa. Et c\u2019est Saint Eloi qui avait \u00e9t\u00e9 choisie. C\u2019est une occasion pour nous, aujourd\u2019hui, de r\u00e9it\u00e9rer l\u2019expression de notre sentiment de gratitude \u00e0 l\u2019\u00e9gard de la hi\u00e9rarchie dioc\u00e9saine de Kinshasa. Nous pensons particuli\u00e8rement \u00e0 Son Eminence Fridolin Cardinal Ambongo Besungu, archev\u00eaque m\u00e9tropolitain de Kinshasa pour sa sollicitude pastorale \u00e0 l\u2019\u00e9gard du travail missionnaire de notre Congr\u00e9gation des Oblats de Marie Immacul\u00e9e, fond\u00e9e par saint Eug\u00e8ne de Mazenod en 1816 en France et arriv\u00e9e au Congo-Belge en 1931.<\/p>\n\n\n\n<p>Merci \u00e0 vous aussi, Monseigneur Carlos Ndaka, pour avoir accept\u00e9 de venir prier et jubiler avec nous aujourd\u2019hui. (Bravo).<\/p>\n\n\n\n<p>Il est important de se rappeler aujourd\u2019hui que dans la logique de la foi, le hasard n\u2019existe pas. Nous croyons fermement que c\u2019est Dieu qui nous accompagne dans la planification et la coordination de nos bonnes \u0153uvres. Nous reconnaissons qu\u2019en 60 ans de vie pastorale, beaucoup de bonnes choses se sont pass\u00e9es ici \u00e0 la paroisse Saint Eloi.<\/p>\n\n\n\n<p>Nous sommes tous t\u00e9moins de la croissance progressive d\u2019une communaut\u00e9 chr\u00e9tienne qui est devenue mature au fil du temps. Une des nombreuses preuves de cette croissance, ce sont les signes manifestes de la foi des fid\u00e8les de Saint Eloi. Un exemple de ces signes, c\u2019est que vous, chers paroissiens de Saint Eloi, vous n\u2019\u00eates pas tr\u00e8s nombreux mais vous avez pu vous doter et r\u00e9habiliter cette si belle \u00e9glise paroissiale. Avec nos confr\u00e8res missionnaires Oblats de Marie Immacul\u00e9e affect\u00e9s au milieu de vous, vous vous \u00eates impos\u00e9s de nombreux sacrifices pour atteindre patiemment vos objectifs pastoraux, en vous offrant vous-m\u00eames l\u2019un des plus beaux cadeaux de 60 ans d\u2019existence de votre paroisse. Vous avez construit une belle demeure pour adorer le Seigneur. Voil\u00e0 pourquoi nous vous f\u00e9licitons et disons sinc\u00e8rement merci \u00e0 chacun de vous pour tous vos efforts. Nous vous prions de ne pas vous arr\u00eater l\u00e0. <em>Saint Eloi, avance au large, encore et encore<\/em>. Et tout cela, pour la plus grande gloire de Dieu et le salut des \u00e2mes. Puisque, disait notre Seigneur J\u00e9sus Christ&nbsp;: \u00ab&nbsp;Quiconque met la main \u00e0 la charrue, puis regarde en arri\u00e8re, n\u2019est pas fait pour le royaume de Dieu.&nbsp;\u00bb (Lc 9, 62).<\/p>\n\n\n\n<p>Excellence Monseigneur, chers fr\u00e8res et s\u0153urs dans le Christ, puisse le Seigneur, notre Dieu, nous b\u00e9nir tous et nous accorder ses gr\u00e2ces pour continuer sa noble mission de salut pour toute l\u2019humanit\u00e9.<\/p>\n\n\n\n<p>Je vous remercie.<\/p>\n\n\n\n<p class=\"has-text-align-right\">Kinshasa, 15 d\u00e9cembre 2024<\/p>\n\n\n\n<p class=\"has-text-align-right\">P\u00e8re Constant Kienge-Kienge<\/p>\n\n\n\n<p class=\"has-text-align-right\">Sup\u00e9rieur provincial<\/p>\n\n\n\n<p class=\"has-text-align-right\">des Missionnaires Oblats de Marie Immacul\u00e9e<\/p>\n\n\n\n<figure class=\"wp-block-image size-large\"><img loading=\"lazy\" decoding=\"async\" width=\"1024\" height=\"462\" src=\"https:\/\/www.oblatcongo.org\/wp-content\/uploads\/2024\/12\/IMG_20241215_122626-1024x462.jpg\" alt=\"\" class=\"wp-image-675\" srcset=\"https:\/\/www.oblatcongo.org\/wp-content\/uploads\/2024\/12\/IMG_20241215_122626-1024x462.jpg 1024w, https:\/\/www.oblatcongo.org\/wp-content\/uploads\/2024\/12\/IMG_20241215_122626-300x135.jpg 300w, https:\/\/www.oblatcongo.org\/wp-content\/uploads\/2024\/12\/IMG_20241215_122626-768x346.jpg 768w, https:\/\/www.oblatcongo.org\/wp-content\/uploads\/2024\/12\/IMG_20241215_122626-1536x693.jpg 1536w, https:\/\/www.oblatcongo.org\/wp-content\/uploads\/2024\/12\/IMG_20241215_122626-2048x924.jpg 2048w, https:\/\/www.oblatcongo.org\/wp-content\/uploads\/2024\/12\/IMG_20241215_122626-1320x595.jpg 1320w\" sizes=\"auto, (max-width: 1024px) 100vw, 1024px\" \/><\/figure>\n","protected":false},"excerpt":{"rendered":"<div class=\"mh-excerpt\"><p>Excellence Monseigneur le Vicaire g\u00e9n\u00e9ral de l\u2019archidioc\u00e8se de Kinshasa, Mesdames et Messieurs les autorit\u00e9s politico-administratives, R\u00e9v\u00e9rends P\u00e8res, Messieurs les Abb\u00e9s, R\u00e9v\u00e9rendes S\u0153urs, R\u00e9v\u00e9rends fr\u00e8res, Distingu\u00e9s Invit\u00e9s \u00e0 vos titres et qualit\u00e9s respectifs, Chers fr\u00e8res et <a class=\"mh-excerpt-more\" href=\"https:\/\/www.oblatcongo.org\/index.php\/2024\/12\/16\/60-ans-de-la-paroisse-saint-eloi-celebration-et-reflexion\/\" title=\"60 Ans de la Paroisse Saint Eloi : C\u00e9l\u00e9bration et R\u00e9flexion\">[Lire plus]<\/a><\/p>\n<\/div>","protected":false},"author":1,"featured_media":661,"comment_status":"open","ping_status":"open","sticky":false,"template":"","format":"standard","meta":{"jetpack_post_was_ever_published":false,"_jetpack_newsletter_access":"","_jetpack_dont_email_post_to_subs":false,"_jetpack_newsletter_tier_id":0,"_jetpack_memberships_contains_paywalled_content":false,"_jetpack_memberships_contains_paid_content":false,"footnotes":""},"categories":[25,33],"tags":[28,111,101],"class_list":{"0":"post-678","1":"post","2":"type-post","3":"status-publish","4":"format-standard","5":"has-post-thumbnail","7":"category-administration","8":"category-paroisses","9":"tag-constant-kienge-kienge","10":"tag-paroisse","11":"tag-saint-eloi"},"jetpack_featured_media_url":"https:\/\/www.oblatcongo.org\/wp-content\/uploads\/2024\/12\/IMG_20241215_115003.jpg","jetpack_sharing_enabled":true,"_links":{"self":[{"href":"https:\/\/www.oblatcongo.org\/index.php\/wp-json\/wp\/v2\/posts\/678","targetHints":{"allow":["GET"]}}],"collection":[{"href":"https:\/\/www.oblatcongo.org\/index.php\/wp-json\/wp\/v2\/posts"}],"about":[{"href":"https:\/\/www.oblatcongo.org\/index.php\/wp-json\/wp\/v2\/types\/post"}],"author":[{"embeddable":true,"href":"https:\/\/www.oblatcongo.org\/index.php\/wp-json\/wp\/v2\/users\/1"}],"replies":[{"embeddable":true,"href":"https:\/\/www.oblatcongo.org\/index.php\/wp-json\/wp\/v2\/comments?post=678"}],"version-history":[{"count":2,"href":"https:\/\/www.oblatcongo.org\/index.php\/wp-json\/wp\/v2\/posts\/678\/revisions"}],"predecessor-version":[{"id":680,"href":"https:\/\/www.oblatcongo.org\/index.php\/wp-json\/wp\/v2\/posts\/678\/revisions\/680"}],"wp:featuredmedia":[{"embeddable":true,"href":"https:\/\/www.oblatcongo.org\/index.php\/wp-json\/wp\/v2\/media\/661"}],"wp:attachment":[{"href":"https:\/\/www.oblatcongo.org\/index.php\/wp-json\/wp\/v2\/media?parent=678"}],"wp:term":[{"taxonomy":"category","embeddable":true,"href":"https:\/\/www.oblatcongo.org\/index.php\/wp-json\/wp\/v2\/categories?post=678"},{"taxonomy":"post_tag","embeddable":true,"href":"https:\/\/www.oblatcongo.org\/index.php\/wp-json\/wp\/v2\/tags?post=678"}],"curies":[{"name":"wp","href":"https:\/\/api.w.org\/{rel}","templated":true}]}}