{"id":779,"date":"2025-02-15T23:06:21","date_gmt":"2025-02-15T22:06:21","guid":{"rendered":"https:\/\/www.oblatcongo.org\/?p=779"},"modified":"2025-03-10T12:26:03","modified_gmt":"2025-03-10T11:26:03","slug":"un-nouveau-pretre-oblat-congolais-le-pere-jeremie-makama-ordonne-a-idiofa","status":"publish","type":"post","link":"https:\/\/www.oblatcongo.org\/index.php\/2025\/02\/15\/un-nouveau-pretre-oblat-congolais-le-pere-jeremie-makama-ordonne-a-idiofa\/","title":{"rendered":"Un nouveau pr\u00eatre oblat congolais, le p\u00e8re J\u00e9r\u00e9mie Makama, ordonn\u00e9 \u00e0 Idiofa"},"content":{"rendered":"\n<p><\/p>\n\n\n\n<p class=\"has-medium-font-size\"><em>Les missionnaires oblats de Marie Immacul\u00e9e comptent un nouveau pr\u00eatre, le p\u00e8re J\u00e9r\u00e9mie Makama<\/em>,<em> ordonn\u00e9 le samedi 15 f\u00e9vrier \u00e0 Idiofa par l\u2019\u00e9v\u00eaque de Kenge, Mgr Jean-Pierre Kwambamba.<\/em><\/p>\n\n\n\n<figure class=\"wp-block-image size-full\"><img loading=\"lazy\" decoding=\"async\" width=\"540\" height=\"555\" src=\"https:\/\/www.oblatcongo.org\/wp-content\/uploads\/2025\/02\/1741604461977.jpg\" alt=\"\" class=\"wp-image-785\" srcset=\"https:\/\/www.oblatcongo.org\/wp-content\/uploads\/2025\/02\/1741604461977.jpg 540w, https:\/\/www.oblatcongo.org\/wp-content\/uploads\/2025\/02\/1741604461977-292x300.jpg 292w\" sizes=\"auto, (max-width: 540px) 100vw, 540px\" \/><\/figure>\n\n\n\n<p class=\"has-medium-font-size\">Une occasion pour l\u2019affermissement de la foi, de l\u2019esp\u00e9rance et de la charit\u00e9. L\u2019\u00e9v\u00eaque de Kenge, Mgr Jean-Pierre Kwambamba l\u2019a dit apr\u00e8s l\u2019ordination sacerdotale d\u2019un missionnaire oblat de Marie Immacul\u00e9e, le p\u00e8re J\u00e9r\u00e9mie Makama. C\u2019\u00e9tait le samedi 15 f\u00e9vrier dans la cath\u00e9drale saint Kizito du dioc\u00e8se d\u2019Idiofa. L\u2019\u00e9v\u00eaque de Kenge a soulign\u00e9 la pers\u00e9v\u00e9rance du jeune J\u00e9r\u00e9mie Makama jusqu\u2019au sacerdoce.<\/p>\n\n\n\n<p>De nombreux missionnaires Oblats de Marie Immacul\u00e9e venus du dioc\u00e8se d&rsquo;Idiofa, de Kinshasa voire d&rsquo;ailleurs, et des pr\u00eatres dioc\u00e9sains d\u2019Idiofa et de Kenge ont conc\u00e9l\u00e9br\u00e9 et ont impos\u00e9 les mains sur leur nouveau confr\u00e8re pr\u00eatre. Dans l&rsquo;assembl\u00e9e, les parents du nouveau pr\u00eatre \u00e9taient entour\u00e9s notamment de nombreux fid\u00e8les de la paroisse saint Kizito et  de la paroisse Saint Charles Lwanga d&rsquo;Idiofa. Le p\u00e8re J\u00e9r\u00e9mie Makama, y a effectu\u00e9 son stage diaconal.<\/p>\n\n\n\n<figure class=\"wp-block-image size-full\"><img loading=\"lazy\" decoding=\"async\" width=\"493\" height=\"338\" src=\"https:\/\/www.oblatcongo.org\/wp-content\/uploads\/2025\/02\/Makama-2.jpg\" alt=\"\" class=\"wp-image-784\" srcset=\"https:\/\/www.oblatcongo.org\/wp-content\/uploads\/2025\/02\/Makama-2.jpg 493w, https:\/\/www.oblatcongo.org\/wp-content\/uploads\/2025\/02\/Makama-2-300x206.jpg 300w\" sizes=\"auto, (max-width: 493px) 100vw, 493px\" \/><\/figure>\n\n\n\n<p class=\"has-medium-font-size\">Le nouveau pr\u00eatre a remerci\u00e9 les uns et les autres, et il s\u2019en remet plut\u00f4t \u00e0 la gr\u00e2ce divine pour sa vocation et sa mission future.<\/p>\n\n\n\n<p class=\"has-medium-font-size\">Et le sup\u00e9rieur provincial des missionnaires oblats de Marie Immacul\u00e9e, le p\u00e8re constant Kienge-Kienge, a dit sa joie et celle de toute sa congr\u00e9gation de compter un nouveau pr\u00eatre.<\/p>\n\n\n\n<figure class=\"wp-block-image size-full\"><img loading=\"lazy\" decoding=\"async\" width=\"1020\" height=\"765\" src=\"https:\/\/www.oblatcongo.org\/wp-content\/uploads\/2025\/02\/480105760_122198952320133239_2274604503031738027_n.jpg\" alt=\"\" class=\"wp-image-783\" srcset=\"https:\/\/www.oblatcongo.org\/wp-content\/uploads\/2025\/02\/480105760_122198952320133239_2274604503031738027_n.jpg 1020w, https:\/\/www.oblatcongo.org\/wp-content\/uploads\/2025\/02\/480105760_122198952320133239_2274604503031738027_n-300x225.jpg 300w, https:\/\/www.oblatcongo.org\/wp-content\/uploads\/2025\/02\/480105760_122198952320133239_2274604503031738027_n-768x576.jpg 768w, https:\/\/www.oblatcongo.org\/wp-content\/uploads\/2025\/02\/480105760_122198952320133239_2274604503031738027_n-678x509.jpg 678w, https:\/\/www.oblatcongo.org\/wp-content\/uploads\/2025\/02\/480105760_122198952320133239_2274604503031738027_n-326x245.jpg 326w, https:\/\/www.oblatcongo.org\/wp-content\/uploads\/2025\/02\/480105760_122198952320133239_2274604503031738027_n-80x60.jpg 80w\" sizes=\"auto, (max-width: 1020px) 100vw, 1020px\" \/><\/figure>\n","protected":false},"excerpt":{"rendered":"<div class=\"mh-excerpt\"><p>Les missionnaires oblats de Marie Immacul\u00e9e comptent un nouveau pr\u00eatre, le p\u00e8re J\u00e9r\u00e9mie Makama, ordonn\u00e9 le samedi 15 f\u00e9vrier \u00e0 Idiofa par l\u2019\u00e9v\u00eaque de Kenge, Mgr Jean-Pierre Kwambamba. Une occasion pour l\u2019affermissement de la foi, <a class=\"mh-excerpt-more\" href=\"https:\/\/www.oblatcongo.org\/index.php\/2025\/02\/15\/un-nouveau-pretre-oblat-congolais-le-pere-jeremie-makama-ordonne-a-idiofa\/\" title=\"Un nouveau pr\u00eatre oblat congolais, le p\u00e8re J\u00e9r\u00e9mie Makama, ordonn\u00e9 \u00e0 Idiofa\">[Lire plus]<\/a><\/p>\n<\/div>","protected":false},"author":1,"featured_media":781,"comment_status":"open","ping_status":"open","sticky":false,"template":"","format":"standard","meta":{"jetpack_post_was_ever_published":false,"_jetpack_newsletter_access":"","_jetpack_dont_email_post_to_subs":false,"_jetpack_newsletter_tier_id":0,"_jetpack_memberships_contains_paywalled_content":false,"_jetpack_memberships_contains_paid_content":false,"footnotes":""},"categories":[1,78],"tags":[66,119],"class_list":{"0":"post-779","1":"post","2":"type-post","3":"status-publish","4":"format-standard","5":"has-post-thumbnail","7":"category-non-classe","8":"category-ordination","9":"tag-idiofa","10":"tag-jeremie-makama"},"jetpack_featured_media_url":"https:\/\/www.oblatcongo.org\/wp-content\/uploads\/2025\/03\/Makama.jpg","jetpack_sharing_enabled":true,"_links":{"self":[{"href":"https:\/\/www.oblatcongo.org\/index.php\/wp-json\/wp\/v2\/posts\/779","targetHints":{"allow":["GET"]}}],"collection":[{"href":"https:\/\/www.oblatcongo.org\/index.php\/wp-json\/wp\/v2\/posts"}],"about":[{"href":"https:\/\/www.oblatcongo.org\/index.php\/wp-json\/wp\/v2\/types\/post"}],"author":[{"embeddable":true,"href":"https:\/\/www.oblatcongo.org\/index.php\/wp-json\/wp\/v2\/users\/1"}],"replies":[{"embeddable":true,"href":"https:\/\/www.oblatcongo.org\/index.php\/wp-json\/wp\/v2\/comments?post=779"}],"version-history":[{"count":2,"href":"https:\/\/www.oblatcongo.org\/index.php\/wp-json\/wp\/v2\/posts\/779\/revisions"}],"predecessor-version":[{"id":786,"href":"https:\/\/www.oblatcongo.org\/index.php\/wp-json\/wp\/v2\/posts\/779\/revisions\/786"}],"wp:featuredmedia":[{"embeddable":true,"href":"https:\/\/www.oblatcongo.org\/index.php\/wp-json\/wp\/v2\/media\/781"}],"wp:attachment":[{"href":"https:\/\/www.oblatcongo.org\/index.php\/wp-json\/wp\/v2\/media?parent=779"}],"wp:term":[{"taxonomy":"category","embeddable":true,"href":"https:\/\/www.oblatcongo.org\/index.php\/wp-json\/wp\/v2\/categories?post=779"},{"taxonomy":"post_tag","embeddable":true,"href":"https:\/\/www.oblatcongo.org\/index.php\/wp-json\/wp\/v2\/tags?post=779"}],"curies":[{"name":"wp","href":"https:\/\/api.w.org\/{rel}","templated":true}]}}