{"id":835,"date":"2025-06-15T17:46:00","date_gmt":"2025-06-15T16:46:00","guid":{"rendered":"https:\/\/www.oblatcongo.org\/?p=835"},"modified":"2025-06-22T18:35:41","modified_gmt":"2025-06-22T17:35:41","slug":"835","status":"publish","type":"post","link":"https:\/\/www.oblatcongo.org\/index.php\/2025\/06\/15\/835\/","title":{"rendered":"Colloque international sur le Cardinal Malula \u00e0 l&rsquo;Universit\u00e9 de Mazenod de Kinshasa\u00a0"},"content":{"rendered":"\n<h1 class=\"wp-block-heading\"><\/h1>\n\n\n\n<p><br>Un colloque international centr\u00e9 sur la pens\u00e9e et l\u2019action du Cardinal Joseph-Albert Malula (1917-1989), ancien archev\u00eaque de Kinshasa, s\u2019est tenu&nbsp; du 09 au 13 juin autour du th\u00e8me : \u00ab <strong><em>Les femmes dans la soci\u00e9t\u00e9 et dans l\u2019\u00c9glise \u00e0 Kinshasa, trente-six ans apr\u00e8s Malula : savoir d\u2019hier, pratiques d\u2019aujourd\u2019hui et regards de demain<\/em><\/strong><em> \u00bb<\/em>. L\u2019\u00e9v\u00e9nement s\u2019est d\u00e9roul\u00e9 dans le cadre de la Chaire Cardinal Malula, de l&rsquo;Institut Africain des Sciences de la Mission, relevant de l&rsquo;Universit\u00e9 de Mazenod tenue par les missionnaires oblats de Marie Immacul\u00e9e. Le colloque a mis en lumi\u00e8re la dynamique visionnaire du pr\u00e9lat en faveur de la dignit\u00e9 et du r\u00f4le des femmes.<\/p>\n\n\n\n<figure class=\"wp-block-image size-large\"><img loading=\"lazy\" decoding=\"async\" width=\"1024\" height=\"678\" src=\"https:\/\/www.oblatcongo.org\/wp-content\/uploads\/2025\/06\/1750013927799-1024x678.jpg\" alt=\"\" class=\"wp-image-837\" srcset=\"https:\/\/www.oblatcongo.org\/wp-content\/uploads\/2025\/06\/1750013927799-1024x678.jpg 1024w, https:\/\/www.oblatcongo.org\/wp-content\/uploads\/2025\/06\/1750013927799-300x199.jpg 300w, https:\/\/www.oblatcongo.org\/wp-content\/uploads\/2025\/06\/1750013927799-768x509.jpg 768w, https:\/\/www.oblatcongo.org\/wp-content\/uploads\/2025\/06\/1750013927799-1536x1017.jpg 1536w, https:\/\/www.oblatcongo.org\/wp-content\/uploads\/2025\/06\/1750013927799-1320x874.jpg 1320w, https:\/\/www.oblatcongo.org\/wp-content\/uploads\/2025\/06\/1750013927799.jpg 2048w\" sizes=\"auto, (max-width: 1024px) 100vw, 1024px\" \/><\/figure>\n\n\n\n<p class=\"has-medium-font-size\"><br>L\u2019archev\u00eaque de Kinshasa,&nbsp; le cardinal Fridolin Ambongo, ouvrant les travaux, a rappel\u00e9 que l\u2019h\u00e9ritage du Cardinal Malula va au-del\u00e0 du symbolique. Le projet pastoral d\u2019une \u00ab \u00c9glise incultur\u00e9e \u00bb, enracin\u00e9e dans la culture africaine, trouve toujours un \u00e9cho concret dans les r\u00e9flexions actuelles sur l\u2019implication des femmes dans la soci\u00e9t\u00e9 et l\u2019\u00c9glise congolaise.<\/p>\n\n\n\n<figure class=\"wp-block-image size-large\"><img loading=\"lazy\" decoding=\"async\" width=\"1024\" height=\"678\" src=\"https:\/\/www.oblatcongo.org\/wp-content\/uploads\/2025\/06\/1750013927651-1024x678.jpg\" alt=\"\" class=\"wp-image-838\" srcset=\"https:\/\/www.oblatcongo.org\/wp-content\/uploads\/2025\/06\/1750013927651-1024x678.jpg 1024w, https:\/\/www.oblatcongo.org\/wp-content\/uploads\/2025\/06\/1750013927651-300x199.jpg 300w, https:\/\/www.oblatcongo.org\/wp-content\/uploads\/2025\/06\/1750013927651-768x509.jpg 768w, https:\/\/www.oblatcongo.org\/wp-content\/uploads\/2025\/06\/1750013927651-1536x1017.jpg 1536w, https:\/\/www.oblatcongo.org\/wp-content\/uploads\/2025\/06\/1750013927651-1320x874.jpg 1320w, https:\/\/www.oblatcongo.org\/wp-content\/uploads\/2025\/06\/1750013927651.jpg 2048w\" sizes=\"auto, (max-width: 1024px) 100vw, 1024px\" \/><\/figure>\n\n\n\n<p class=\"has-medium-font-size\">Le p\u00e8re Macaire Manimba, oblat de Marie immacul\u00e9e et Recteur de l\u2019Universit\u00e9 de Mazenod, a expliqu\u00e9 combien la Chaire Cardinal Malula, loin d\u2019\u00eatre juste un ensemble de conf\u00e9rences, est une mission, une forme d\u2019\u00e9vang\u00e9lisation pour les missionnaires Oblats de Marie Immacul\u00e9e.<br><br>Madame Yvonne Ifoku, pr\u00e9sidente des \u201cMamans catholiques\u201d, un mouvement d\u2019action catholique fond\u00e9 par le cardinal Malula a soulign\u00e9&nbsp; : \u00ab La femme est porteuse de bonnes nouvelles\u2026 Le cardinal Joseph-Albert Malula a fond\u00e9 la congr\u00e9gation religieuse des Soeurs de Sainte\u2011Th\u00e9r\u00e8se de l\u2019Enfant\u2011J\u00e9sus de Kinshasa et plus tard le Mouvement des Mamans catholiques\u2026 \u00bb<\/p>\n\n\n\n<figure class=\"wp-block-image size-large\"><img loading=\"lazy\" decoding=\"async\" width=\"1024\" height=\"678\" src=\"https:\/\/www.oblatcongo.org\/wp-content\/uploads\/2025\/06\/1750013927820-1024x678.jpg\" alt=\"\" class=\"wp-image-839\" srcset=\"https:\/\/www.oblatcongo.org\/wp-content\/uploads\/2025\/06\/1750013927820-1024x678.jpg 1024w, https:\/\/www.oblatcongo.org\/wp-content\/uploads\/2025\/06\/1750013927820-300x199.jpg 300w, https:\/\/www.oblatcongo.org\/wp-content\/uploads\/2025\/06\/1750013927820-768x509.jpg 768w, https:\/\/www.oblatcongo.org\/wp-content\/uploads\/2025\/06\/1750013927820-1536x1017.jpg 1536w, https:\/\/www.oblatcongo.org\/wp-content\/uploads\/2025\/06\/1750013927820-1320x874.jpg 1320w, https:\/\/www.oblatcongo.org\/wp-content\/uploads\/2025\/06\/1750013927820.jpg 2048w\" sizes=\"auto, (max-width: 1024px) 100vw, 1024px\" \/><\/figure>\n\n\n\n<p class=\"has-medium-font-size\">Un autre moment fort du colloque a mis en avant la pi\u00e8ce de th\u00e9\u00e2tre <em>Malata Mutsingia<\/em>, \u00e9crite par Malula lui-m\u00eame. L\u2019abb\u00e9 Josu\u00e9 Maku a soulign\u00e9 que par le th\u00e9\u00e2tre, le Cardinal Malula a utilis\u00e9 l\u2019art dramatique comme instrument de lib\u00e9ration de la femme et d\u2019expression culturelle.<br><br>Ce colloque a eu trois axes de r\u00e9flexion structur\u00e9s autour de douze conf\u00e9rences : L\u2019 engagement des femmes dans la soci\u00e9t\u00e9 kinoise et congolaise, les&nbsp; Violences faites aux femmes&nbsp; en&nbsp; R\u00e9publique D\u00e9mocratique du Congo en g\u00e9n\u00e9ral et dans l\u2019est du pays en particulier, l&rsquo;\u00e9conomie, l\u2019\u00e9cologie, le&nbsp;genre et la culture. Le troisi\u00e8me axe a \u00e9t\u00e9 celui de la compr\u00e9hension des savoirs d\u2019hier et pratiques contemporaines.<br><br>Parmi les r\u00e9solutions, on retiendra la cr\u00e9ation d\u2019un observatoire de la condition f\u00e9minine en RDC et l\u2019instauration d\u2019une \u00ab semaine de la maman congolaise \u00bb \u00e0 c\u00e9l\u00e9brer autour du 14 juin, date anniversaire du d\u00e9c\u00e8s du Cardinal Malula.<\/p>\n\n\n\n<figure class=\"wp-block-image size-large\"><img loading=\"lazy\" decoding=\"async\" width=\"1024\" height=\"678\" src=\"https:\/\/www.oblatcongo.org\/wp-content\/uploads\/2025\/06\/1750013927677-1024x678.jpg\" alt=\"\" class=\"wp-image-840\" srcset=\"https:\/\/www.oblatcongo.org\/wp-content\/uploads\/2025\/06\/1750013927677-1024x678.jpg 1024w, https:\/\/www.oblatcongo.org\/wp-content\/uploads\/2025\/06\/1750013927677-300x199.jpg 300w, https:\/\/www.oblatcongo.org\/wp-content\/uploads\/2025\/06\/1750013927677-768x509.jpg 768w, https:\/\/www.oblatcongo.org\/wp-content\/uploads\/2025\/06\/1750013927677-1536x1017.jpg 1536w, https:\/\/www.oblatcongo.org\/wp-content\/uploads\/2025\/06\/1750013927677-1320x874.jpg 1320w, https:\/\/www.oblatcongo.org\/wp-content\/uploads\/2025\/06\/1750013927677.jpg 2048w\" sizes=\"auto, (max-width: 1024px) 100vw, 1024px\" \/><\/figure>\n\n\n\n<p class=\"has-medium-font-size\">Ce colloque international a connu la participation de plusieurs conf\u00e9renciers venus du Canada, du Kenya, du S\u00e9n\u00e9gal et de la R\u00e9publique D\u00e9mocratique du Congo. La participation&nbsp; des missionnaires oblats de Marie immacul\u00e9e aura \u00e9t\u00e9 significative et remarquable.<\/p>\n\n\n\n<p class=\"has-text-align-right has-medium-font-size\"><strong>Jean-Bedel Ndandula, o.m.i.<\/strong><\/p>\n","protected":false},"excerpt":{"rendered":"<div class=\"mh-excerpt\"><p>Un colloque international centr\u00e9 sur la pens\u00e9e et l\u2019action du Cardinal Joseph-Albert Malula (1917-1989), ancien archev\u00eaque de Kinshasa, s\u2019est tenu&nbsp; du 09 au 13 juin autour du th\u00e8me : \u00ab Les femmes dans la soci\u00e9t\u00e9 <a class=\"mh-excerpt-more\" href=\"https:\/\/www.oblatcongo.org\/index.php\/2025\/06\/15\/835\/\" title=\"Colloque international sur le Cardinal Malula \u00e0 l&rsquo;Universit\u00e9 de Mazenod de Kinshasa\u00a0\">[Lire plus]<\/a><\/p>\n<\/div>","protected":false},"author":1,"featured_media":836,"comment_status":"open","ping_status":"open","sticky":false,"template":"","format":"standard","meta":{"jetpack_post_was_ever_published":false,"_jetpack_newsletter_access":"","_jetpack_dont_email_post_to_subs":false,"_jetpack_newsletter_tier_id":0,"_jetpack_memberships_contains_paywalled_content":false,"_jetpack_memberships_contains_paid_content":false,"footnotes":""},"categories":[35,43,1],"tags":[128,49,127,129,89],"class_list":{"0":"post-835","1":"post","2":"type-post","3":"status-publish","4":"format-standard","5":"has-post-thumbnail","7":"category-actualite","8":"category-enseignement","9":"category-non-classe","10":"tag-ambongo","11":"tag-macaire-manimba","12":"tag-malula","13":"tag-ndandula","14":"tag-universite-de-mazenod"},"jetpack_featured_media_url":"https:\/\/www.oblatcongo.org\/wp-content\/uploads\/2025\/06\/1750013927699.jpg","jetpack_sharing_enabled":true,"_links":{"self":[{"href":"https:\/\/www.oblatcongo.org\/index.php\/wp-json\/wp\/v2\/posts\/835","targetHints":{"allow":["GET"]}}],"collection":[{"href":"https:\/\/www.oblatcongo.org\/index.php\/wp-json\/wp\/v2\/posts"}],"about":[{"href":"https:\/\/www.oblatcongo.org\/index.php\/wp-json\/wp\/v2\/types\/post"}],"author":[{"embeddable":true,"href":"https:\/\/www.oblatcongo.org\/index.php\/wp-json\/wp\/v2\/users\/1"}],"replies":[{"embeddable":true,"href":"https:\/\/www.oblatcongo.org\/index.php\/wp-json\/wp\/v2\/comments?post=835"}],"version-history":[{"count":2,"href":"https:\/\/www.oblatcongo.org\/index.php\/wp-json\/wp\/v2\/posts\/835\/revisions"}],"predecessor-version":[{"id":843,"href":"https:\/\/www.oblatcongo.org\/index.php\/wp-json\/wp\/v2\/posts\/835\/revisions\/843"}],"wp:featuredmedia":[{"embeddable":true,"href":"https:\/\/www.oblatcongo.org\/index.php\/wp-json\/wp\/v2\/media\/836"}],"wp:attachment":[{"href":"https:\/\/www.oblatcongo.org\/index.php\/wp-json\/wp\/v2\/media?parent=835"}],"wp:term":[{"taxonomy":"category","embeddable":true,"href":"https:\/\/www.oblatcongo.org\/index.php\/wp-json\/wp\/v2\/categories?post=835"},{"taxonomy":"post_tag","embeddable":true,"href":"https:\/\/www.oblatcongo.org\/index.php\/wp-json\/wp\/v2\/tags?post=835"}],"curies":[{"name":"wp","href":"https:\/\/api.w.org\/{rel}","templated":true}]}}