{"id":848,"date":"2025-07-03T20:34:33","date_gmt":"2025-07-03T19:34:33","guid":{"rendered":"https:\/\/www.oblatcongo.org\/?p=848"},"modified":"2025-07-03T22:25:09","modified_gmt":"2025-07-03T21:25:09","slug":"bapteme-dun-vieillard-de-108-ans-au-tchad","status":"publish","type":"post","link":"https:\/\/www.oblatcongo.org\/index.php\/2025\/07\/03\/bapteme-dun-vieillard-de-108-ans-au-tchad\/","title":{"rendered":"Bapt\u00eame d&rsquo;un vieillard de 108 ans au Tchad"},"content":{"rendered":"\n<p class=\"has-black-color has-text-color has-link-color has-medium-font-size wp-elements-ca2daa8c79f56a2c2039d6ff00342b2b\"><em>Le p\u00e8re oblat congolais Lin Kiekie, cur\u00e9 de la paroisse Saints-Tite et Timoth\u00e9e, au Tchad, a baptis\u00e9 un vieillard de 108 ans. Quelle merveille dans la vie missionnaire !<\/em><\/p>\n\n\n\n<p class=\"has-medium-font-size\">Aujourd\u2019hui, vendredi 27\/06\/2025, dans le dioc\u00e8se de Pala, paroisse saints Tite et Timoth\u00e9e, situ\u00e9e dans le Mayo Kebbi Ouest au Tchad, sous-pr\u00e9fecture de Guelo&nbsp;; nous avons f\u00eat\u00e9 le Sacr\u00e9 c\u0153ur de J\u00e9sus. En cette occasion, un visage nous a surpris et \u00e9merveill\u00e9 \u00e0 la fois en p\u00e9riph\u00e9rie, dans le village de Matanseung, sous-pr\u00e9fecture de Guelo. Dans la pr\u00e9face du Sacr\u00e9 C\u0153ur de J\u00e9sus, nous lisions&nbsp;:&nbsp;\u00ab&nbsp;<em>Dans son immense amour, quand il fut \u00e9lev\u00e9 sur la croix, il s\u2019est lui-m\u00eame offert pour nous&nbsp;; et de son c\u00f4t\u00e9 ouvert transperc\u00e9, laissant jaillir le sang et l\u2019eau, il fit na\u00eetre les sacrements de l\u2019Eglise, pour que tous les hommes, attir\u00e9s vers son c\u0153ur, viennent puiser la joie aux sources vives du salut.&nbsp;\u00bb<\/em><\/p>\n\n\n\n<figure class=\"wp-block-image size-full\"><img loading=\"lazy\" decoding=\"async\" width=\"1020\" height=\"768\" src=\"https:\/\/www.oblatcongo.org\/wp-content\/uploads\/2025\/07\/WhatsApp-Image-2025-07-01-a-04.19.01_4ba59640.jpg\" alt=\"\" class=\"wp-image-853\" srcset=\"https:\/\/www.oblatcongo.org\/wp-content\/uploads\/2025\/07\/WhatsApp-Image-2025-07-01-a-04.19.01_4ba59640.jpg 1020w, https:\/\/www.oblatcongo.org\/wp-content\/uploads\/2025\/07\/WhatsApp-Image-2025-07-01-a-04.19.01_4ba59640-300x226.jpg 300w, https:\/\/www.oblatcongo.org\/wp-content\/uploads\/2025\/07\/WhatsApp-Image-2025-07-01-a-04.19.01_4ba59640-768x578.jpg 768w, https:\/\/www.oblatcongo.org\/wp-content\/uploads\/2025\/07\/WhatsApp-Image-2025-07-01-a-04.19.01_4ba59640-678x509.jpg 678w, https:\/\/www.oblatcongo.org\/wp-content\/uploads\/2025\/07\/WhatsApp-Image-2025-07-01-a-04.19.01_4ba59640-326x245.jpg 326w, https:\/\/www.oblatcongo.org\/wp-content\/uploads\/2025\/07\/WhatsApp-Image-2025-07-01-a-04.19.01_4ba59640-80x60.jpg 80w\" sizes=\"auto, (max-width: 1020px) 100vw, 1020px\" \/><\/figure>\n\n\n\n<p class=\"has-medium-font-size\">Comme ce fut aux 4<sup>e<\/sup> et 5<sup>e<\/sup> si\u00e8cles, <strong>M. PATALET ELIE<\/strong>, n\u00e9 en 1917, pa\u00efen depuis sa naissance, &nbsp;a demand\u00e9 d\u2019\u00eatre baptis\u00e9 pratiquement \u00e0 l\u2019article de la mort, mieux au soir de sa vie apr\u00e8s avoir eu quelques rudiments acc\u00e9l\u00e9r\u00e9s sur&nbsp; les sacrements de l\u2019initiation chr\u00e9tienne. Visage rid\u00e9 portant les stigmates des longues ann\u00e9es pass\u00e9es sous le soleil accablant, aveugle, mais voyant avec les autres yeux, ceux de la foi&nbsp;; le v\u00e9t\u00e9ran sursautait de joie au milieu des chants et des youyous de la foule en liesse. C\u2019est Le Petit Prince qui disait avec raison&nbsp;;&nbsp;<em>\u00ab&nbsp;On ne voit bien qu\u2019avec les yeux du c\u0153ur. L\u2019essentiel est invisible pour les yeux&nbsp;\u00bb.<\/em><\/p>\n\n\n\n<figure class=\"wp-block-image size-full\"><img loading=\"lazy\" decoding=\"async\" width=\"1020\" height=\"768\" src=\"https:\/\/www.oblatcongo.org\/wp-content\/uploads\/2025\/07\/WhatsApp-Image-2025-07-01-a-04.19.01_0b99ab77.jpg\" alt=\"\" class=\"wp-image-854\" srcset=\"https:\/\/www.oblatcongo.org\/wp-content\/uploads\/2025\/07\/WhatsApp-Image-2025-07-01-a-04.19.01_0b99ab77.jpg 1020w, https:\/\/www.oblatcongo.org\/wp-content\/uploads\/2025\/07\/WhatsApp-Image-2025-07-01-a-04.19.01_0b99ab77-300x226.jpg 300w, https:\/\/www.oblatcongo.org\/wp-content\/uploads\/2025\/07\/WhatsApp-Image-2025-07-01-a-04.19.01_0b99ab77-768x578.jpg 768w, https:\/\/www.oblatcongo.org\/wp-content\/uploads\/2025\/07\/WhatsApp-Image-2025-07-01-a-04.19.01_0b99ab77-678x509.jpg 678w, https:\/\/www.oblatcongo.org\/wp-content\/uploads\/2025\/07\/WhatsApp-Image-2025-07-01-a-04.19.01_0b99ab77-326x245.jpg 326w, https:\/\/www.oblatcongo.org\/wp-content\/uploads\/2025\/07\/WhatsApp-Image-2025-07-01-a-04.19.01_0b99ab77-80x60.jpg 80w\" sizes=\"auto, (max-width: 1020px) 100vw, 1020px\" \/><\/figure>\n\n\n\n<p class=\"has-medium-font-size\">En effet, l\u2019essentiel pour le vieillard, c\u2019est le&nbsp; passage de la nuit (mort) \u00e0 l\u2019aurore, un retour \u00e0 la vie. Peu importe l\u2019affaiblissement de son corps, devenu comme un enfant, il a compris mieux que le rabbin Nicod\u00e8me, p\u00e9tri de la science rabbinique, l\u2019\u00e9nigme de J\u00e9sus sur <strong>\u00ab&nbsp; rena\u00eetre d\u2019en Haut<\/strong>&nbsp;\u00bb. C\u2019est le bain de la r\u00e9g\u00e9n\u00e9ration pour son nouvel enfantement qui est la priorit\u00e9. Ce retour \u00e0 la lumi\u00e8re, mieux cette nouvelle naissance qui est pour lui le <em>kairos&nbsp;<\/em>! Il a tout mis\u00e9 sur l\u2019\u00e9ternit\u00e9. Oui, il a fait un choix radical. Consacrer sa vie au Seigneur, \u00ab&nbsp;son h\u00e9ritage&nbsp;\u00bb. Ce choix lui donne de vivre pleinement le reste de ses jours&nbsp;; s\u2019orientant ainsi avec certitude vers un avenir de bonheur et de joie infinis (Ps 15).<\/p>\n\n\n\n<figure class=\"wp-block-image size-full\"><img loading=\"lazy\" decoding=\"async\" width=\"1020\" height=\"768\" src=\"https:\/\/www.oblatcongo.org\/wp-content\/uploads\/2025\/07\/WhatsApp-Image-2025-07-01-a-04.22.42_dc333152.jpg\" alt=\"\" class=\"wp-image-855\" srcset=\"https:\/\/www.oblatcongo.org\/wp-content\/uploads\/2025\/07\/WhatsApp-Image-2025-07-01-a-04.22.42_dc333152.jpg 1020w, https:\/\/www.oblatcongo.org\/wp-content\/uploads\/2025\/07\/WhatsApp-Image-2025-07-01-a-04.22.42_dc333152-300x226.jpg 300w, https:\/\/www.oblatcongo.org\/wp-content\/uploads\/2025\/07\/WhatsApp-Image-2025-07-01-a-04.22.42_dc333152-768x578.jpg 768w, https:\/\/www.oblatcongo.org\/wp-content\/uploads\/2025\/07\/WhatsApp-Image-2025-07-01-a-04.22.42_dc333152-678x509.jpg 678w, https:\/\/www.oblatcongo.org\/wp-content\/uploads\/2025\/07\/WhatsApp-Image-2025-07-01-a-04.22.42_dc333152-326x245.jpg 326w, https:\/\/www.oblatcongo.org\/wp-content\/uploads\/2025\/07\/WhatsApp-Image-2025-07-01-a-04.22.42_dc333152-80x60.jpg 80w\" sizes=\"auto, (max-width: 1020px) 100vw, 1020px\" \/><\/figure>\n\n\n\n<p class=\"has-medium-font-size\">En d\u00e9pit de son handicap ophtalmique, ses oreilles, comme une parabole, captaient la parole de Dieu, comprenaient toutes les questions dialogiques. Sa langue s\u2019articulait pour renoncer \u00e0 Satan et proclamait haut sa foi. Distinctement&nbsp;! N\u2019est-ce pas une merveille devant nos yeux, merveille par son \u00e2ge qui nous plonge dans l\u2019\u00e9merveillement&nbsp;; dans le questionnement pour d\u00e9couvrir l\u2019amour de Dieu&nbsp;?<\/p>\n\n\n\n<p><\/p>\n\n\n\n<figure class=\"wp-block-image size-full\"><img loading=\"lazy\" decoding=\"async\" width=\"1020\" height=\"768\" src=\"https:\/\/www.oblatcongo.org\/wp-content\/uploads\/2025\/07\/WhatsApp-Image-2025-07-01-a-04.19.03_03015209.jpg\" alt=\"\" class=\"wp-image-858\" srcset=\"https:\/\/www.oblatcongo.org\/wp-content\/uploads\/2025\/07\/WhatsApp-Image-2025-07-01-a-04.19.03_03015209.jpg 1020w, https:\/\/www.oblatcongo.org\/wp-content\/uploads\/2025\/07\/WhatsApp-Image-2025-07-01-a-04.19.03_03015209-300x226.jpg 300w, https:\/\/www.oblatcongo.org\/wp-content\/uploads\/2025\/07\/WhatsApp-Image-2025-07-01-a-04.19.03_03015209-768x578.jpg 768w, https:\/\/www.oblatcongo.org\/wp-content\/uploads\/2025\/07\/WhatsApp-Image-2025-07-01-a-04.19.03_03015209-678x509.jpg 678w, https:\/\/www.oblatcongo.org\/wp-content\/uploads\/2025\/07\/WhatsApp-Image-2025-07-01-a-04.19.03_03015209-326x245.jpg 326w, https:\/\/www.oblatcongo.org\/wp-content\/uploads\/2025\/07\/WhatsApp-Image-2025-07-01-a-04.19.03_03015209-80x60.jpg 80w\" sizes=\"auto, (max-width: 1020px) 100vw, 1020px\" \/><\/figure>\n\n\n\n<p><\/p>\n\n\n\n<p class=\"has-text-align-right\"><strong>P. Lin KIEKIE Esaba Embu, O.M.I<\/strong><\/p>\n\n\n\n<p class=\"has-text-align-right\"><\/p>\n","protected":false},"excerpt":{"rendered":"<div class=\"mh-excerpt\"><p>Le p\u00e8re oblat congolais Lin Kiekie, cur\u00e9 de la paroisse Saints-Tite et Timoth\u00e9e, au Tchad, a baptis\u00e9 un vieillard de 108 ans. Quelle merveille dans la vie missionnaire ! Aujourd\u2019hui, vendredi 27\/06\/2025, dans le dioc\u00e8se <a class=\"mh-excerpt-more\" href=\"https:\/\/www.oblatcongo.org\/index.php\/2025\/07\/03\/bapteme-dun-vieillard-de-108-ans-au-tchad\/\" title=\"Bapt\u00eame d&rsquo;un vieillard de 108 ans au Tchad\">[Lire plus]<\/a><\/p>\n<\/div>","protected":false},"author":1,"featured_media":851,"comment_status":"open","ping_status":"open","sticky":false,"template":"","format":"standard","meta":{"jetpack_post_was_ever_published":false,"_jetpack_newsletter_access":"","_jetpack_dont_email_post_to_subs":false,"_jetpack_newsletter_tier_id":0,"_jetpack_memberships_contains_paywalled_content":false,"_jetpack_memberships_contains_paid_content":false,"footnotes":""},"categories":[1,90],"tags":[109,130,110],"class_list":{"0":"post-848","1":"post","2":"type-post","3":"status-publish","4":"format-standard","5":"has-post-thumbnail","7":"category-non-classe","8":"category-nos-missionnaires","9":"tag-lin-kiekie","10":"tag-pala","11":"tag-tchad"},"jetpack_featured_media_url":"https:\/\/www.oblatcongo.org\/wp-content\/uploads\/2025\/07\/WhatsApp-Image-2025-07-01-a-04.19.02_dfc500a0.jpg","jetpack_sharing_enabled":true,"_links":{"self":[{"href":"https:\/\/www.oblatcongo.org\/index.php\/wp-json\/wp\/v2\/posts\/848","targetHints":{"allow":["GET"]}}],"collection":[{"href":"https:\/\/www.oblatcongo.org\/index.php\/wp-json\/wp\/v2\/posts"}],"about":[{"href":"https:\/\/www.oblatcongo.org\/index.php\/wp-json\/wp\/v2\/types\/post"}],"author":[{"embeddable":true,"href":"https:\/\/www.oblatcongo.org\/index.php\/wp-json\/wp\/v2\/users\/1"}],"replies":[{"embeddable":true,"href":"https:\/\/www.oblatcongo.org\/index.php\/wp-json\/wp\/v2\/comments?post=848"}],"version-history":[{"count":3,"href":"https:\/\/www.oblatcongo.org\/index.php\/wp-json\/wp\/v2\/posts\/848\/revisions"}],"predecessor-version":[{"id":859,"href":"https:\/\/www.oblatcongo.org\/index.php\/wp-json\/wp\/v2\/posts\/848\/revisions\/859"}],"wp:featuredmedia":[{"embeddable":true,"href":"https:\/\/www.oblatcongo.org\/index.php\/wp-json\/wp\/v2\/media\/851"}],"wp:attachment":[{"href":"https:\/\/www.oblatcongo.org\/index.php\/wp-json\/wp\/v2\/media?parent=848"}],"wp:term":[{"taxonomy":"category","embeddable":true,"href":"https:\/\/www.oblatcongo.org\/index.php\/wp-json\/wp\/v2\/categories?post=848"},{"taxonomy":"post_tag","embeddable":true,"href":"https:\/\/www.oblatcongo.org\/index.php\/wp-json\/wp\/v2\/tags?post=848"}],"curies":[{"name":"wp","href":"https:\/\/api.w.org\/{rel}","templated":true}]}}