{"id":997,"date":"2025-12-03T08:47:45","date_gmt":"2025-12-03T07:47:45","guid":{"rendered":"https:\/\/www.oblatcongo.org\/?p=997"},"modified":"2025-12-16T09:14:57","modified_gmt":"2025-12-16T08:14:57","slug":"session-de-formation-en-planification-strategique","status":"publish","type":"post","link":"https:\/\/www.oblatcongo.org\/index.php\/2025\/12\/03\/session-de-formation-en-planification-strategique\/","title":{"rendered":"Session de formation en planification strat\u00e9gique"},"content":{"rendered":"\n<p class=\"has-medium-font-size\">Du 1er au 3 d\u00e9cembre, dans la maison de retraite des Missionnaires Oblats \u00e0 Ifwanzondo, dans le dioc\u00e8se d&rsquo;Idiofa, province du Kwilu, une quarantaine d&rsquo;Oblats, sup\u00e9rieurs de communaut\u00e9s, \u00e9conomes et autres responsables d&rsquo;entit\u00e9s se sont mis en formation sur la planification. <\/p>\n\n\n\n<figure class=\"wp-block-embed is-type-video is-provider-youtube wp-block-embed-youtube wp-embed-aspect-16-9 wp-has-aspect-ratio\"><div class=\"wp-block-embed__wrapper\">\n<iframe loading=\"lazy\" title=\"Formation en planification strat\u00e9gique pour les Missionnaires Oblats en RDC\" width=\"500\" height=\"281\" src=\"https:\/\/www.youtube.com\/embed\/U6gwR0suXj0?feature=oembed\" frameborder=\"0\" allow=\"accelerometer; autoplay; clipboard-write; encrypted-media; gyroscope; picture-in-picture; web-share\" referrerpolicy=\"strict-origin-when-cross-origin\" allowfullscreen><\/iframe>\n<\/div><\/figure>\n\n\n\n<p class=\"has-medium-font-size\">L&rsquo;animateur de la session, Matthieu Kayembe, explique le sens et la port\u00e9e d&rsquo;une telle formation pour une congr\u00e9gation religieuse.<\/p>\n\n\n\n<figure class=\"wp-block-image size-large\"><img loading=\"lazy\" decoding=\"async\" width=\"1024\" height=\"576\" src=\"https:\/\/www.oblatcongo.org\/wp-content\/uploads\/2025\/12\/IMG_20251202_124131-1024x576.jpg\" alt=\"\" class=\"wp-image-999\" srcset=\"https:\/\/www.oblatcongo.org\/wp-content\/uploads\/2025\/12\/IMG_20251202_124131-1024x576.jpg 1024w, https:\/\/www.oblatcongo.org\/wp-content\/uploads\/2025\/12\/IMG_20251202_124131-300x169.jpg 300w, https:\/\/www.oblatcongo.org\/wp-content\/uploads\/2025\/12\/IMG_20251202_124131-768x432.jpg 768w, https:\/\/www.oblatcongo.org\/wp-content\/uploads\/2025\/12\/IMG_20251202_124131-1536x864.jpg 1536w, https:\/\/www.oblatcongo.org\/wp-content\/uploads\/2025\/12\/IMG_20251202_124131-678x381.jpg 678w, https:\/\/www.oblatcongo.org\/wp-content\/uploads\/2025\/12\/IMG_20251202_124131-1320x743.jpg 1320w, https:\/\/www.oblatcongo.org\/wp-content\/uploads\/2025\/12\/IMG_20251202_124131.jpg 1920w\" sizes=\"auto, (max-width: 1024px) 100vw, 1024px\" \/><\/figure>\n","protected":false},"excerpt":{"rendered":"<div class=\"mh-excerpt\"><p>Du 1er au 3 d\u00e9cembre, dans la maison de retraite des Missionnaires Oblats \u00e0 Ifwanzondo, dans le dioc\u00e8se d&rsquo;Idiofa, province du Kwilu, une quarantaine d&rsquo;Oblats, sup\u00e9rieurs de communaut\u00e9s, \u00e9conomes et autres responsables d&rsquo;entit\u00e9s se sont <a class=\"mh-excerpt-more\" href=\"https:\/\/www.oblatcongo.org\/index.php\/2025\/12\/03\/session-de-formation-en-planification-strategique\/\" title=\"Session de formation en planification strat\u00e9gique\">[Lire plus]<\/a><\/p>\n<\/div>","protected":false},"author":1,"featured_media":998,"comment_status":"open","ping_status":"open","sticky":false,"template":"","format":"standard","meta":{"jetpack_post_was_ever_published":false,"_jetpack_newsletter_access":"","_jetpack_dont_email_post_to_subs":false,"_jetpack_newsletter_tier_id":0,"_jetpack_memberships_contains_paywalled_content":false,"_jetpack_memberships_contains_paid_content":false,"footnotes":""},"categories":[1],"tags":[],"class_list":{"0":"post-997","1":"post","2":"type-post","3":"status-publish","4":"format-standard","5":"has-post-thumbnail","7":"category-non-classe"},"jetpack_featured_media_url":"https:\/\/www.oblatcongo.org\/wp-content\/uploads\/2025\/12\/IMG_20251202_100730.jpg","jetpack_sharing_enabled":true,"_links":{"self":[{"href":"https:\/\/www.oblatcongo.org\/index.php\/wp-json\/wp\/v2\/posts\/997","targetHints":{"allow":["GET"]}}],"collection":[{"href":"https:\/\/www.oblatcongo.org\/index.php\/wp-json\/wp\/v2\/posts"}],"about":[{"href":"https:\/\/www.oblatcongo.org\/index.php\/wp-json\/wp\/v2\/types\/post"}],"author":[{"embeddable":true,"href":"https:\/\/www.oblatcongo.org\/index.php\/wp-json\/wp\/v2\/users\/1"}],"replies":[{"embeddable":true,"href":"https:\/\/www.oblatcongo.org\/index.php\/wp-json\/wp\/v2\/comments?post=997"}],"version-history":[{"count":1,"href":"https:\/\/www.oblatcongo.org\/index.php\/wp-json\/wp\/v2\/posts\/997\/revisions"}],"predecessor-version":[{"id":1000,"href":"https:\/\/www.oblatcongo.org\/index.php\/wp-json\/wp\/v2\/posts\/997\/revisions\/1000"}],"wp:featuredmedia":[{"embeddable":true,"href":"https:\/\/www.oblatcongo.org\/index.php\/wp-json\/wp\/v2\/media\/998"}],"wp:attachment":[{"href":"https:\/\/www.oblatcongo.org\/index.php\/wp-json\/wp\/v2\/media?parent=997"}],"wp:term":[{"taxonomy":"category","embeddable":true,"href":"https:\/\/www.oblatcongo.org\/index.php\/wp-json\/wp\/v2\/categories?post=997"},{"taxonomy":"post_tag","embeddable":true,"href":"https:\/\/www.oblatcongo.org\/index.php\/wp-json\/wp\/v2\/tags?post=997"}],"curies":[{"name":"wp","href":"https:\/\/api.w.org\/{rel}","templated":true}]}}